{"id":408,"date":"2025-12-10T23:44:39","date_gmt":"2025-12-10T22:44:39","guid":{"rendered":"http:\/\/wwwlolekkom.pl\/?p=408"},"modified":"2025-12-14T00:15:35","modified_gmt":"2025-12-13T23:15:35","slug":"ogar-polski-czworonozny-rycerz-sw-huberta","status":"publish","type":"post","link":"https:\/\/wwwlolekkom.pl\/?p=408","title":{"rendered":"Ogar Polski \u2013 Czworono\u017cny Rycerz \u015aw. Huberta"},"content":{"rendered":"\n<p class=\"wp-block-paragraph\">Kiedy zabiera\u0142em si\u0119 za poni\u017cszy artyku\u0142 zacz\u0105\u0142em si\u0119 zastanawia\u0107 nad priorytetami, o kt\u00f3rych warto by napisa\u0107 i jednocze\u015bnie nie powtarza\u0107 tego, co ju\u017c napisane zosta\u0142o o tej rasie. I doszed\u0142em do wniosku, \u017ce najwi\u0119kszym priorytetem jest s\u0142owo POLSKI. Dlaczego? Bo cho\u0107 internet \u017cyje tylko sprawami tera\u017aniejszymi \u2013 to ludzie przecie\u017c nie mog\u0105 zapomnie\u0107 o swojej historii. Historii \u0142owiectwa w Polsce, z kt\u00f3r\u0105 nieod\u0142\u0105cznie zwi\u0105zana jest rasa \u2013 Ogar Polski.<\/p>\n\n\n\n<p class=\"wp-block-paragraph\">Maj\u0105c 10 lat, wyci\u0105\u0142em obraz Pana A. Raczy\u0144skiego \u201eMy\u015bliwy z zaj\u0105cem\u201d z \u0141owca Polskiego. Przyklei\u0142em go do wewn\u0119trznej strony drzwiczek mojej szafki na ksi\u0105\u017cki. I tak na ca\u0142e \u017cycie utrwali\u0142y mi si\u0119 najwa\u017cniejsze szczeg\u00f3\u0142y, do jakich wci\u0105\u017c t\u0119skni\u0119. Jakie?<\/p>\n\n\n\n<p class=\"wp-block-paragraph\">Horyzontalna strzelba kurkowa, d\u0142ugie sk\u00f3rzane buty, ko\u017cuszek z \u0142adnymi zapi\u0119ciami i pies, kt\u00f3ry by\u0142 dla mnie na tym obrazie najwa\u017cniejszy. Pies ci\u0119\u017cki, z prost\u0105 such\u0105 \u0142ap\u0105 i d\u0142ugimi uszami. Cz\u0119sto wtedy zadawa\u0142em sobie pytania. Jaki ma charakter? Czy ma \u0142agodne usposobienie? Jak\u0105 ma sier\u015b\u0107 w dotyku? Min\u0119\u0142o wiele lat i dzi\u015b mog\u0119 si\u0119 podzieli\u0107 moimi spostrze\u017ceniami i zderzy\u0107 je z my\u015bliwsk\u0105 rzeczywisto\u015bci\u0105.<\/p>\n\n\n\n<p class=\"wp-block-paragraph\">Sporo ogar\u00f3w widywa\u0142em na wystawach. Niestety musz\u0119 stwierdzi\u0107, \u017ce wcale mi si\u0119 nie podoba\u0142y. By\u0142y nie proporcjonalne, o ma\u0142ych g\u0142owach, czo\u0142gowatych tu\u0142owiach i wiecznie za\u015blinionych faflach. Trudno mi by\u0142o sobie wyobrazi\u0107 takiego psa w moich bardzo wymagaj\u0105cych \u0142owiskach, g\u0119sto poro\u015bni\u0119tych malinami i je\u017cynami. Dlatego chyba moje \u015bcie\u017cki wci\u0105\u017c nie \u0142\u0105czy\u0142y si\u0119 z t\u0105 bardzo star\u0105 Polsk\u0105 ras\u0105.<\/p>\n\n\n\n<p class=\"wp-block-paragraph\">W swoich w\u0119dr\u00f3wkach zb\u0142\u0105ka\u0142em si\u0119 pewnego razu do bardzo go\u015bcinnego hodowcy niedaleko Bieszczad. Tam dopiero zobaczy\u0142em, jak powinien wygl\u0105da\u0107 prawdziwy Ogar Polski. Pies o czaprakowym ubarwieniu, z kr\u00f3tk\u0105 i przylegaj\u0105c\u0105 sier\u015bci\u0105, szczeciniast\u0105 na grzbiecie, z niezbyt wydatnymi faflami, zwarty i sprawiaj\u0105cy wra\u017cenie silnego i \u017cylastego. Zupe\u0142nie inny ni\u017c te widywane na wystawach.<\/p>\n\n\n\n<p class=\"wp-block-paragraph\">Kilka lat temu poproszono mnie, abym u\u0142o\u017cy\u0142 trzy ogary do polowa\u0144 zbiorowych. Ciekaw by\u0142em strasznie jak b\u0119d\u0105 si\u0119 zachowywa\u0107 podczas szkolenia. Traf chcia\u0142, \u017ce na drugi dzie\u0144 po tym, jak przyjecha\u0142y ogary, przywioz\u0142em z lasu niedu\u017cego wycinka. Po\u0142o\u017cy\u0142em dzika za bram\u0105, aby psy nie mia\u0142y do niego dost\u0119pu i wypu\u015bci\u0142em je z kojc\u00f3w.<\/p>\n\n\n\n<p class=\"wp-block-paragraph\">Pierwszy z\u0142apa\u0142 odwiatr czarnego zwierza z kilkunastu metr\u00f3w. Reakcja psa mnie zaskoczy\u0142a. Podwin\u0105\u0142 ogon pod siebie i wbi\u0142 si\u0119 do budy. Pozosta\u0142e dwa r\u00f3wnie\u017c salwowa\u0142y si\u0119 natychmiastow\u0105 ucieczk\u0105. By\u0142em za\u0142amany\u2026 Ale c\u00f3\u017c, przecie\u017c zabawa dopiero si\u0119 zaczyna\u0142a. Nie mog\u0142em wiedzie\u0107 jaki baga\u017c do\u015bwiadcze\u0144 maj\u0105 ze sob\u0105 szkolone ogary.<\/p>\n\n\n\n<p class=\"wp-block-paragraph\">Zacz\u0105\u0142em indywidualne spacery i szkolenie. \u015acie\u017cki tropowe uk\u0142adane badylami jelenia wypracowywa\u0142y perfekcyjnie po miesi\u0105cu pobytu na szkoleniu. Po kilkunastu wizytach w dziczej zagrodzie w towarzystwie mojego Kopova D\u017cekiego psy zachwyca\u0142y swoj\u0105 gr\u0105, pasj\u0105 i zawzi\u0119to\u015bci\u0105. Najzwyczajniej w \u015bwiecie musia\u0142y si\u0119 wszystkiego nauczy\u0107 \u2013 w \u017cyciu nie ma nic za darmo.<\/p>\n\n\n\n<p class=\"wp-block-paragraph\">Ogary Polskie urzekaj\u0105 charakterem. Kiedy na nie patrz\u0119, jak si\u0119 zachowuj\u0105 wida\u0107 od razu, \u017ce wielowiekowa selekcja pod k\u0105tem braku agresywnych zachowa\u0144 przynosi wci\u0105\u017c po\u017c\u0105dane efekty. Dwa przyk\u0142ady unaoczniaj\u0105 to bardzo dok\u0142adnie.<\/p>\n\n\n\n<p class=\"wp-block-paragraph\">Kiedy w trakcie szkolenia w\u0142\u0105czy\u0142em etap zapoznania z tusz\u0105 lisa, ogar zacz\u0105\u0142 z zainteresowaniem obw\u0105chiwa\u0107 drapie\u017cnika i kiedy wyci\u0105gn\u0105\u0142em d\u0142o\u0144, aby podnie\u015b\u0107 rudzielca z ziemi \u2013 pies pokaza\u0142 k\u0142y zupe\u0142nie, jak to robi\u0105 wilki i popatrzy\u0142 na mnie \u017c\u00f3\u0142tymi \u015blepiami, jakby chcia\u0142 powiedzie\u0107 \u201eNie zabieraj, bo to moje\u201d. Oczywi\u015bcie bez wahania zabra\u0142em rude trofeum, a pies przednimi \u0142apami przycisn\u0105\u0142 zwierza do ziemi i zadem uderzy\u0142 mnie w kolana. Wywin\u0105\u0142em koz\u0142a na \u0142\u0105ce jak po ciosie Mameda Khalidova i nim si\u0119 spostrzeg\u0142em, ogar ju\u017c mnie cuci\u0142, li\u017c\u0105c po twarzy szorstkim j\u0119zorem, maj\u0105c do\u015b\u0107 zak\u0142opotan\u0105 \u201emin\u0119\u201d i merdaj\u0105c ogonem z przeprosinami.<\/p>\n\n\n\n<p class=\"wp-block-paragraph\">Moja interpretacja takiego zachowania by\u0142a bardzo pozytywna i dzi\u015b to opisuj\u0105c, r\u00f3wnie\u017c u\u015bmiecham si\u0119 w duchu. Dowodzi ono z jednej strony pasji \u0142owieckiej \u2013 bo dobry pies my\u015bliwski walczy zawsze o misk\u0119 i zdobyt\u0105 zwierzyn\u0119, a jednocze\u015bnie \u0142agodno\u015bci w komunikacji. Nie by\u0142o tutaj ataku, gryzienia i innych niebezpiecznych incydent\u00f3w. Po prostu pies pokaza\u0142, \u017ce chce aktywnie uczestniczy\u0107 w procesie polowania, a jego efekt r\u00f3wnie\u017c ma by\u0107 jego udzia\u0142em.<\/p>\n\n\n\n<p class=\"wp-block-paragraph\">Podobnie zareagowa\u0142 Ogar Polski, kiedy wypu\u015bci\u0142em inne psy w celu poznania reakcji na lisa. Psisko tylko warcza\u0142o i tak umiej\u0119tnie blokowa\u0142o cia\u0142em dost\u0119pu do zwierza, \u017ce najlepszy obro\u0144ca na boisku rugby ligi angielskiej nie powstydzi\u0142by si\u0119 takich umiej\u0119tno\u015bci. Na koniec chwyci\u0142 lisa w kuf\u0119, zani\u00f3s\u0142 do budy, id\u0105c z wysoko poniesionym ogonem. Po\u0142o\u017cy\u0142 si\u0119 przy wej\u015bciu do kojca i co chwil\u0119 obna\u017caj\u0105c k\u0142y, zniech\u0119ca\u0142 pozosta\u0142e czworonogi do konfrontacji.<\/p>\n\n\n\n<p class=\"wp-block-paragraph\">Pies ten by\u0142 uwielbiany przez moj\u0105 kilkuletni\u0105 c\u00f3rk\u0119, gdy\u017c jego aksamitna, niezbyt d\u0142uga sier\u015b\u0107 i dobroduszne zachowania wr\u0119cz ci\u0105gle zach\u0119ca\u0142y do zabawy.<\/p>\n\n\n\n<p class=\"wp-block-paragraph\">Oczywi\u015bcie jak zwykle ka\u017cdy kij ma dwa ko\u0144ce. O ile komunikacja na podw\u00f3rku by\u0142a na poziomie dostatecznym to kiedy szli\u015bmy na spacer z ogarem, komunikacja pomi\u0119dzy nami przypomina\u0142a mi troch\u0119 kontakt z krow\u0105, kt\u00f3ra wraca na wieczorny ud\u00f3j z pastwiska. Kr\u00f3tko m\u00f3wi\u0105c, ja swoje, ogar swoje. Kilka razy sprawdza\u0142em, czy aby nie ma ten pies problem\u00f3w ze s\u0142uchem\u2026ale nie, zrywaj\u0105cego si\u0119 do lotu ba\u017canta s\u0142ysza\u0142 doskonale z kilkuset metr\u00f3w, natomiast mnie ignorowa\u0142 zupe\u0142nie. By\u0142 to efekt b\u0142\u0119d\u00f3w pope\u0142nionych w czasie szczeni\u0119cym i braku konsekwencji w\u0142a\u015bciciela, ale nale\u017cy powiedzie\u0107 otwarcie, \u017ce jest to rasa bardzo samodzielna i niezwykle uparta. Up\u00f3r wewn\u0119trzny jest niezb\u0119dny do wypracowywania trop\u00f3w zwierzyny grubej, do czego moim zdaniem Ogar Polski nadaje si\u0119 doskonale i nie ust\u0119puje wielu wyspecjalizowanych w tej profesji rasom.<\/p>\n\n\n\n<p class=\"wp-block-paragraph\">Powstaje pytanie, do czego ogar mo\u017ce nam si\u0119 przyda\u0107 we wsp\u00f3\u0142czesnych czasach? Na kt\u00f3r\u0105 zwierzyn\u0119 i jakimi sposobami polowa\u0107 z ogarem? Ile\u017c to opis\u00f3w powsta\u0142o w literaturze, gdzie ogary by\u0142y g\u0142\u00f3wnymi bohaterami. Zapisano tyle stron, \u017ce chyba \u017cadna inna rasa ps\u00f3w nie doczeka\u0142a si\u0119 takiej bibliografii. Ale czasy si\u0119 zmieni\u0142y wraz ze sposobami polowa\u0144.<\/p>\n\n\n\n<p class=\"wp-block-paragraph\">Patrz\u0105c z praktycznego punktu widzenia, odpowiednio wyselekcjonowany pod k\u0105tem u\u017cytkowym Ogar Polski mo\u017ce s\u0142u\u017cy\u0107 jako wszechstronny pies my\u015bliwski. P\u0142ywa bez problem\u00f3w, aportuje intuicyjnie i na og\u00f3\u0142 jest tak grubosk\u00f3rny i powolny, \u017ce zanim si\u0119 zastanowi, \u017ce pad\u0142 strza\u0142, to ju\u017c o nim zapomni. Wi\u0119c nie zd\u0105\u017cy si\u0119 przestraszy\u0107. Jego wr\u0119cz wybitne zdolno\u015bci pracy dolnym wiatrem predysponuj\u0105 go do pracy tropowca. Up\u00f3r i determinacja oraz niespieszne tempo pozwol\u0105 pod\u0105\u017ca\u0107 na otoku za tropem kilometrami, co musi da\u0107 dobry efekt. Jest to pies dla wszystkich, kt\u00f3rzy wiedz\u0105, jak powinien wygl\u0105da\u0107 pies u\u017cytkowy i pod tym k\u0105tem, b\u0119d\u0105 umie\u0107 dobiera\u0107 skojarzenia, a je\u015bli kto\u015b nie nastawia si\u0119 na hodowle, lecz potrzebuje wiernego przyjaciela, do tego lubi piesze w\u0119dr\u00f3wki to jest to na pewno bardzo dobry wyb\u00f3r. Wspomnie\u0107 nale\u017cy, \u017ce pies ten wymaga sporo ruchu, aby utrzyma\u0107 si\u0119 w kondycji, powinien by\u0107 rozs\u0105dnie \u017cywiony i najlepiej b\u0119dzie odpowiada\u0142o mu mieszkanie w budzie i kojcu. Jest do tego \u015bwietnie przystosowany, a gruby podszerstek doskonale izoluje termicznie w mro\u017ane dni.<\/p>\n\n\n\n<p class=\"wp-block-paragraph\">Dzi\u015b po wielu latach pracy z psami my\u015bl\u0119, \u017ce je\u015bli \u015aw. Hubert pozwoli i zdrowie dopisywa\u0107 b\u0119dzie, to kiedy\u015b na pewno b\u0119d\u0119 chcia\u0142 polowa\u0107 z Ogarem Polskim kt\u00f3ry odpowiada mi pod ka\u017cdym wzgl\u0119dem i bardzo chcia\u0142bym, aby hodowla tego pi\u0119knego psa kierowa\u0142a si\u0119 w stron\u0119 u\u017cytkowo\u015bci, bo jest to jedyny s\u0142uszny kierunek. Ju\u017c teraz wida\u0107 pi\u0119kne reproduktory i doskona\u0142e eksterierowo psy na wystawach i konkursach wi\u0119c s\u0105dz\u0119, \u017ce azymut ju\u017c jest obrany, diabe\u0142 teraz tkwi w szczeg\u00f3\u0142ach. Te szczeg\u00f3\u0142y to szkolenie pod k\u0105tem wykorzystania wszystkich atut\u00f3w, jakie oferuje ta rasa i zami\u0142owania do polowania z psami, kt\u00f3re s\u0105 wci\u0105\u017c \u017cyw\u0105 legend\u0105 polskiego \u0142owiectwa.<\/p>\n\n\n\n<p class=\"wp-block-paragraph\"><a href=\"https:\/\/szkoleniepsowmysliwskich.pl\/wp-content\/uploads\/GL_201603_pelka.pdf\" target=\"_blank\" rel=\"noreferrer noopener\"><\/a><\/p>\n\n\n\n<div class=\"wp-block-file\"><a id=\"wp-block-file--media-c3db29bc-52f2-46e2-b8d9-28f261e2a839\" href=\"http:\/\/wwwlolekkom.pl\/wp-content\/uploads\/2025\/12\/Ogar-Polski-\u2013-Czworonozny-Rycerz-Sw.-Huberta.pdf\">Ogar Polski \u2013 Czworono\u017cny Rycerz \u015aw. Huberta<\/a><a href=\"http:\/\/wwwlolekkom.pl\/wp-content\/uploads\/2025\/12\/Ogar-Polski-\u2013-Czworonozny-Rycerz-Sw.-Huberta.pdf\" class=\"wp-block-file__button wp-element-button\" download aria-describedby=\"wp-block-file--media-c3db29bc-52f2-46e2-b8d9-28f261e2a839\">Pobierz<\/a><\/div>\n","protected":false},"excerpt":{"rendered":"<p>Kiedy zabiera\u0142em si\u0119 za poni\u017cszy artyku\u0142 zacz\u0105\u0142em si\u0119 zastanawia\u0107 nad priorytetami, o kt\u00f3rych warto by napisa\u0107 i jednocze\u015bnie nie powtarza\u0107 tego, co ju\u017c napisane zosta\u0142o o tej rasie. I doszed\u0142em do wniosku, \u017ce najwi\u0119kszym priorytetem jest s\u0142owo POLSKI. Dlaczego? Bo cho\u0107 internet \u017cyje tylko sprawami tera\u017aniejszymi \u2013 to ludzie przecie\u017c nie mog\u0105 zapomnie\u0107 o swojej&#8230;<\/p>\n","protected":false},"author":3,"featured_media":409,"comment_status":"closed","ping_status":"closed","sticky":false,"template":"","format":"standard","meta":{"two_page_speed":[],"footnotes":""},"categories":[11],"tags":[],"class_list":["post-408","post","type-post","status-publish","format-standard","has-post-thumbnail","hentry","category-rasy-psow"],"yoast_head":"<!-- This site is optimized with the Yoast SEO plugin v27.2 - https:\/\/yoast.com\/product\/yoast-seo-wordpress\/ -->\n<title>Ogar Polski \u2013 Czworono\u017cny Rycerz \u015aw. Huberta - Charyzmat<\/title>\n<meta name=\"robots\" content=\"index, follow, max-snippet:-1, max-image-preview:large, max-video-preview:-1\" \/>\n<link rel=\"canonical\" href=\"https:\/\/wwwlolekkom.pl\/?p=408\" \/>\n<meta property=\"og:locale\" content=\"pl_PL\" \/>\n<meta property=\"og:type\" content=\"article\" \/>\n<meta property=\"og:title\" content=\"Ogar Polski \u2013 Czworono\u017cny Rycerz \u015aw. Huberta - Charyzmat\" \/>\n<meta property=\"og:description\" content=\"Kiedy zabiera\u0142em si\u0119 za poni\u017cszy artyku\u0142 zacz\u0105\u0142em si\u0119 zastanawia\u0107 nad priorytetami, o kt\u00f3rych warto by napisa\u0107 i jednocze\u015bnie nie powtarza\u0107 tego, co ju\u017c napisane zosta\u0142o o tej rasie. I doszed\u0142em do wniosku, \u017ce najwi\u0119kszym priorytetem jest s\u0142owo POLSKI. Dlaczego? Bo cho\u0107 internet \u017cyje tylko sprawami tera\u017aniejszymi \u2013 to ludzie przecie\u017c nie mog\u0105 zapomnie\u0107 o swojej...\" \/>\n<meta property=\"og:url\" content=\"https:\/\/wwwlolekkom.pl\/?p=408\" \/>\n<meta property=\"og:site_name\" content=\"Charyzmat\" \/>\n<meta property=\"article:published_time\" content=\"2025-12-10T22:44:39+00:00\" \/>\n<meta property=\"article:modified_time\" content=\"2025-12-13T23:15:35+00:00\" \/>\n<meta property=\"og:image\" content=\"https:\/\/wwwlolekkom.pl\/wp-content\/uploads\/2025\/12\/Ogar-Polski-\u2013-Czworonozny-Rycerz-Sw.-Huberta.jpg\" \/>\n\t<meta property=\"og:image:width\" content=\"400\" \/>\n\t<meta property=\"og:image:height\" content=\"259\" \/>\n\t<meta property=\"og:image:type\" content=\"image\/jpeg\" \/>\n<meta name=\"author\" content=\"Jaros\u0142aw Pe\u0142ka\" \/>\n<meta name=\"twitter:card\" content=\"summary_large_image\" \/>\n<meta name=\"twitter:label1\" content=\"Napisane przez\" \/>\n\t<meta name=\"twitter:data1\" content=\"Jaros\u0142aw Pe\u0142ka\" \/>\n\t<meta name=\"twitter:label2\" content=\"Szacowany czas czytania\" \/>\n\t<meta name=\"twitter:data2\" content=\"8 minut\" \/>\n<script type=\"application\/ld+json\" class=\"yoast-schema-graph\">{\"@context\":\"https:\/\/schema.org\",\"@graph\":[{\"@type\":\"Article\",\"@id\":\"https:\/\/wwwlolekkom.pl\/?p=408#article\",\"isPartOf\":{\"@id\":\"https:\/\/wwwlolekkom.pl\/?p=408\"},\"author\":{\"name\":\"Jaros\u0142aw Pe\u0142ka\",\"@id\":\"https:\/\/wwwlolekkom.pl\/#\/schema\/person\/c2c23d93a4eaee3128eb6f6a9ddb7927\"},\"headline\":\"Ogar Polski \u2013 Czworono\u017cny Rycerz \u015aw. Huberta\",\"datePublished\":\"2025-12-10T22:44:39+00:00\",\"dateModified\":\"2025-12-13T23:15:35+00:00\",\"mainEntityOfPage\":{\"@id\":\"https:\/\/wwwlolekkom.pl\/?p=408\"},\"wordCount\":1438,\"publisher\":{\"@id\":\"https:\/\/wwwlolekkom.pl\/#organization\"},\"image\":{\"@id\":\"https:\/\/wwwlolekkom.pl\/?p=408#primaryimage\"},\"thumbnailUrl\":\"https:\/\/wwwlolekkom.pl\/wp-content\/uploads\/2025\/12\/Ogar-Polski-\u2013-Czworonozny-Rycerz-Sw.-Huberta.jpg\",\"articleSection\":[\"Rasy ps\u00f3w\"],\"inLanguage\":\"pl-PL\"},{\"@type\":\"WebPage\",\"@id\":\"https:\/\/wwwlolekkom.pl\/?p=408\",\"url\":\"https:\/\/wwwlolekkom.pl\/?p=408\",\"name\":\"Ogar Polski \u2013 Czworono\u017cny Rycerz \u015aw. Huberta - Charyzmat\",\"isPartOf\":{\"@id\":\"https:\/\/wwwlolekkom.pl\/#website\"},\"primaryImageOfPage\":{\"@id\":\"https:\/\/wwwlolekkom.pl\/?p=408#primaryimage\"},\"image\":{\"@id\":\"https:\/\/wwwlolekkom.pl\/?p=408#primaryimage\"},\"thumbnailUrl\":\"https:\/\/wwwlolekkom.pl\/wp-content\/uploads\/2025\/12\/Ogar-Polski-\u2013-Czworonozny-Rycerz-Sw.-Huberta.jpg\",\"datePublished\":\"2025-12-10T22:44:39+00:00\",\"dateModified\":\"2025-12-13T23:15:35+00:00\",\"breadcrumb\":{\"@id\":\"https:\/\/wwwlolekkom.pl\/?p=408#breadcrumb\"},\"inLanguage\":\"pl-PL\",\"potentialAction\":[{\"@type\":\"ReadAction\",\"target\":[\"https:\/\/wwwlolekkom.pl\/?p=408\"]}]},{\"@type\":\"ImageObject\",\"inLanguage\":\"pl-PL\",\"@id\":\"https:\/\/wwwlolekkom.pl\/?p=408#primaryimage\",\"url\":\"https:\/\/wwwlolekkom.pl\/wp-content\/uploads\/2025\/12\/Ogar-Polski-\u2013-Czworonozny-Rycerz-Sw.-Huberta.jpg\",\"contentUrl\":\"https:\/\/wwwlolekkom.pl\/wp-content\/uploads\/2025\/12\/Ogar-Polski-\u2013-Czworonozny-Rycerz-Sw.-Huberta.jpg\",\"width\":400,\"height\":259},{\"@type\":\"BreadcrumbList\",\"@id\":\"https:\/\/wwwlolekkom.pl\/?p=408#breadcrumb\",\"itemListElement\":[{\"@type\":\"ListItem\",\"position\":1,\"name\":\"Strona g\u0142\u00f3wna\",\"item\":\"https:\/\/wwwlolekkom.pl\/\"},{\"@type\":\"ListItem\",\"position\":2,\"name\":\"Ogar Polski \u2013 Czworono\u017cny Rycerz \u015aw. Huberta\"}]},{\"@type\":\"WebSite\",\"@id\":\"https:\/\/wwwlolekkom.pl\/#website\",\"url\":\"https:\/\/wwwlolekkom.pl\/\",\"name\":\"Charyzmat\",\"description\":\"szkolenie ps\u00f3w my\u015bliwskich\",\"publisher\":{\"@id\":\"https:\/\/wwwlolekkom.pl\/#organization\"},\"potentialAction\":[{\"@type\":\"SearchAction\",\"target\":{\"@type\":\"EntryPoint\",\"urlTemplate\":\"https:\/\/wwwlolekkom.pl\/?s={search_term_string}\"},\"query-input\":{\"@type\":\"PropertyValueSpecification\",\"valueRequired\":true,\"valueName\":\"search_term_string\"}}],\"inLanguage\":\"pl-PL\"},{\"@type\":\"Organization\",\"@id\":\"https:\/\/wwwlolekkom.pl\/#organization\",\"name\":\"Charyzmat\",\"url\":\"https:\/\/wwwlolekkom.pl\/\",\"logo\":{\"@type\":\"ImageObject\",\"inLanguage\":\"pl-PL\",\"@id\":\"https:\/\/wwwlolekkom.pl\/#\/schema\/logo\/image\/\",\"url\":\"https:\/\/wwwlolekkom.pl\/wp-content\/uploads\/2025\/12\/Charyzmat.jpg\",\"contentUrl\":\"https:\/\/wwwlolekkom.pl\/wp-content\/uploads\/2025\/12\/Charyzmat.jpg\",\"width\":1000,\"height\":1000,\"caption\":\"Charyzmat\"},\"image\":{\"@id\":\"https:\/\/wwwlolekkom.pl\/#\/schema\/logo\/image\/\"}},{\"@type\":\"Person\",\"@id\":\"https:\/\/wwwlolekkom.pl\/#\/schema\/person\/c2c23d93a4eaee3128eb6f6a9ddb7927\",\"name\":\"Jaros\u0142aw Pe\u0142ka\",\"image\":{\"@type\":\"ImageObject\",\"inLanguage\":\"pl-PL\",\"@id\":\"https:\/\/secure.gravatar.com\/avatar\/e8f40adebedc0a528ec19300c51dbcf02e7832a66b984797223a5c6a3ac1b9c6?s=96&d=mm&r=g\",\"url\":\"https:\/\/secure.gravatar.com\/avatar\/e8f40adebedc0a528ec19300c51dbcf02e7832a66b984797223a5c6a3ac1b9c6?s=96&d=mm&r=g\",\"contentUrl\":\"https:\/\/secure.gravatar.com\/avatar\/e8f40adebedc0a528ec19300c51dbcf02e7832a66b984797223a5c6a3ac1b9c6?s=96&d=mm&r=g\",\"caption\":\"Jaros\u0142aw Pe\u0142ka\"},\"description\":\"autor\",\"url\":\"https:\/\/wwwlolekkom.pl\/?author=3\"}]}<\/script>\n<!-- \/ Yoast SEO plugin. -->","yoast_head_json":{"title":"Ogar Polski \u2013 Czworono\u017cny Rycerz \u015aw. Huberta - Charyzmat","robots":{"index":"index","follow":"follow","max-snippet":"max-snippet:-1","max-image-preview":"max-image-preview:large","max-video-preview":"max-video-preview:-1"},"canonical":"https:\/\/wwwlolekkom.pl\/?p=408","og_locale":"pl_PL","og_type":"article","og_title":"Ogar Polski \u2013 Czworono\u017cny Rycerz \u015aw. Huberta - Charyzmat","og_description":"Kiedy zabiera\u0142em si\u0119 za poni\u017cszy artyku\u0142 zacz\u0105\u0142em si\u0119 zastanawia\u0107 nad priorytetami, o kt\u00f3rych warto by napisa\u0107 i jednocze\u015bnie nie powtarza\u0107 tego, co ju\u017c napisane zosta\u0142o o tej rasie. I doszed\u0142em do wniosku, \u017ce najwi\u0119kszym priorytetem jest s\u0142owo POLSKI. Dlaczego? Bo cho\u0107 internet \u017cyje tylko sprawami tera\u017aniejszymi \u2013 to ludzie przecie\u017c nie mog\u0105 zapomnie\u0107 o swojej...","og_url":"https:\/\/wwwlolekkom.pl\/?p=408","og_site_name":"Charyzmat","article_published_time":"2025-12-10T22:44:39+00:00","article_modified_time":"2025-12-13T23:15:35+00:00","og_image":[{"width":400,"height":259,"url":"https:\/\/wwwlolekkom.pl\/wp-content\/uploads\/2025\/12\/Ogar-Polski-\u2013-Czworonozny-Rycerz-Sw.-Huberta.jpg","type":"image\/jpeg"}],"author":"Jaros\u0142aw Pe\u0142ka","twitter_card":"summary_large_image","twitter_misc":{"Napisane przez":"Jaros\u0142aw Pe\u0142ka","Szacowany czas czytania":"8 minut"},"schema":{"@context":"https:\/\/schema.org","@graph":[{"@type":"Article","@id":"https:\/\/wwwlolekkom.pl\/?p=408#article","isPartOf":{"@id":"https:\/\/wwwlolekkom.pl\/?p=408"},"author":{"name":"Jaros\u0142aw Pe\u0142ka","@id":"https:\/\/wwwlolekkom.pl\/#\/schema\/person\/c2c23d93a4eaee3128eb6f6a9ddb7927"},"headline":"Ogar Polski \u2013 Czworono\u017cny Rycerz \u015aw. Huberta","datePublished":"2025-12-10T22:44:39+00:00","dateModified":"2025-12-13T23:15:35+00:00","mainEntityOfPage":{"@id":"https:\/\/wwwlolekkom.pl\/?p=408"},"wordCount":1438,"publisher":{"@id":"https:\/\/wwwlolekkom.pl\/#organization"},"image":{"@id":"https:\/\/wwwlolekkom.pl\/?p=408#primaryimage"},"thumbnailUrl":"https:\/\/wwwlolekkom.pl\/wp-content\/uploads\/2025\/12\/Ogar-Polski-\u2013-Czworonozny-Rycerz-Sw.-Huberta.jpg","articleSection":["Rasy ps\u00f3w"],"inLanguage":"pl-PL"},{"@type":"WebPage","@id":"https:\/\/wwwlolekkom.pl\/?p=408","url":"https:\/\/wwwlolekkom.pl\/?p=408","name":"Ogar Polski \u2013 Czworono\u017cny Rycerz \u015aw. Huberta - Charyzmat","isPartOf":{"@id":"https:\/\/wwwlolekkom.pl\/#website"},"primaryImageOfPage":{"@id":"https:\/\/wwwlolekkom.pl\/?p=408#primaryimage"},"image":{"@id":"https:\/\/wwwlolekkom.pl\/?p=408#primaryimage"},"thumbnailUrl":"https:\/\/wwwlolekkom.pl\/wp-content\/uploads\/2025\/12\/Ogar-Polski-\u2013-Czworonozny-Rycerz-Sw.-Huberta.jpg","datePublished":"2025-12-10T22:44:39+00:00","dateModified":"2025-12-13T23:15:35+00:00","breadcrumb":{"@id":"https:\/\/wwwlolekkom.pl\/?p=408#breadcrumb"},"inLanguage":"pl-PL","potentialAction":[{"@type":"ReadAction","target":["https:\/\/wwwlolekkom.pl\/?p=408"]}]},{"@type":"ImageObject","inLanguage":"pl-PL","@id":"https:\/\/wwwlolekkom.pl\/?p=408#primaryimage","url":"https:\/\/wwwlolekkom.pl\/wp-content\/uploads\/2025\/12\/Ogar-Polski-\u2013-Czworonozny-Rycerz-Sw.-Huberta.jpg","contentUrl":"https:\/\/wwwlolekkom.pl\/wp-content\/uploads\/2025\/12\/Ogar-Polski-\u2013-Czworonozny-Rycerz-Sw.-Huberta.jpg","width":400,"height":259},{"@type":"BreadcrumbList","@id":"https:\/\/wwwlolekkom.pl\/?p=408#breadcrumb","itemListElement":[{"@type":"ListItem","position":1,"name":"Strona g\u0142\u00f3wna","item":"https:\/\/wwwlolekkom.pl\/"},{"@type":"ListItem","position":2,"name":"Ogar Polski \u2013 Czworono\u017cny Rycerz \u015aw. Huberta"}]},{"@type":"WebSite","@id":"https:\/\/wwwlolekkom.pl\/#website","url":"https:\/\/wwwlolekkom.pl\/","name":"Charyzmat","description":"szkolenie ps\u00f3w my\u015bliwskich","publisher":{"@id":"https:\/\/wwwlolekkom.pl\/#organization"},"potentialAction":[{"@type":"SearchAction","target":{"@type":"EntryPoint","urlTemplate":"https:\/\/wwwlolekkom.pl\/?s={search_term_string}"},"query-input":{"@type":"PropertyValueSpecification","valueRequired":true,"valueName":"search_term_string"}}],"inLanguage":"pl-PL"},{"@type":"Organization","@id":"https:\/\/wwwlolekkom.pl\/#organization","name":"Charyzmat","url":"https:\/\/wwwlolekkom.pl\/","logo":{"@type":"ImageObject","inLanguage":"pl-PL","@id":"https:\/\/wwwlolekkom.pl\/#\/schema\/logo\/image\/","url":"https:\/\/wwwlolekkom.pl\/wp-content\/uploads\/2025\/12\/Charyzmat.jpg","contentUrl":"https:\/\/wwwlolekkom.pl\/wp-content\/uploads\/2025\/12\/Charyzmat.jpg","width":1000,"height":1000,"caption":"Charyzmat"},"image":{"@id":"https:\/\/wwwlolekkom.pl\/#\/schema\/logo\/image\/"}},{"@type":"Person","@id":"https:\/\/wwwlolekkom.pl\/#\/schema\/person\/c2c23d93a4eaee3128eb6f6a9ddb7927","name":"Jaros\u0142aw Pe\u0142ka","image":{"@type":"ImageObject","inLanguage":"pl-PL","@id":"https:\/\/secure.gravatar.com\/avatar\/e8f40adebedc0a528ec19300c51dbcf02e7832a66b984797223a5c6a3ac1b9c6?s=96&d=mm&r=g","url":"https:\/\/secure.gravatar.com\/avatar\/e8f40adebedc0a528ec19300c51dbcf02e7832a66b984797223a5c6a3ac1b9c6?s=96&d=mm&r=g","contentUrl":"https:\/\/secure.gravatar.com\/avatar\/e8f40adebedc0a528ec19300c51dbcf02e7832a66b984797223a5c6a3ac1b9c6?s=96&d=mm&r=g","caption":"Jaros\u0142aw Pe\u0142ka"},"description":"autor","url":"https:\/\/wwwlolekkom.pl\/?author=3"}]}},"_links":{"self":[{"href":"https:\/\/wwwlolekkom.pl\/index.php?rest_route=\/wp\/v2\/posts\/408","targetHints":{"allow":["GET"]}}],"collection":[{"href":"https:\/\/wwwlolekkom.pl\/index.php?rest_route=\/wp\/v2\/posts"}],"about":[{"href":"https:\/\/wwwlolekkom.pl\/index.php?rest_route=\/wp\/v2\/types\/post"}],"author":[{"embeddable":true,"href":"https:\/\/wwwlolekkom.pl\/index.php?rest_route=\/wp\/v2\/users\/3"}],"replies":[{"embeddable":true,"href":"https:\/\/wwwlolekkom.pl\/index.php?rest_route=%2Fwp%2Fv2%2Fcomments&post=408"}],"version-history":[{"count":1,"href":"https:\/\/wwwlolekkom.pl\/index.php?rest_route=\/wp\/v2\/posts\/408\/revisions"}],"predecessor-version":[{"id":411,"href":"https:\/\/wwwlolekkom.pl\/index.php?rest_route=\/wp\/v2\/posts\/408\/revisions\/411"}],"wp:featuredmedia":[{"embeddable":true,"href":"https:\/\/wwwlolekkom.pl\/index.php?rest_route=\/wp\/v2\/media\/409"}],"wp:attachment":[{"href":"https:\/\/wwwlolekkom.pl\/index.php?rest_route=%2Fwp%2Fv2%2Fmedia&parent=408"}],"wp:term":[{"taxonomy":"category","embeddable":true,"href":"https:\/\/wwwlolekkom.pl\/index.php?rest_route=%2Fwp%2Fv2%2Fcategories&post=408"},{"taxonomy":"post_tag","embeddable":true,"href":"https:\/\/wwwlolekkom.pl\/index.php?rest_route=%2Fwp%2Fv2%2Ftags&post=408"}],"curies":[{"name":"wp","href":"https:\/\/api.w.org\/{rel}","templated":true}]}}