{"id":404,"date":"2025-12-10T23:43:00","date_gmt":"2025-12-10T22:43:00","guid":{"rendered":"http:\/\/wwwlolekkom.pl\/?p=404"},"modified":"2025-12-12T23:53:31","modified_gmt":"2025-12-12T22:53:31","slug":"gonczy-polski-czarna-esencja-lowow","status":"publish","type":"post","link":"https:\/\/wwwlolekkom.pl\/?p=404","title":{"rendered":"Go\u0144czy Polski \u2013 Czarna esencja \u0142ow\u00f3w"},"content":{"rendered":"\n<p class=\"wp-block-paragraph\">Wci\u0105\u017c odwleka\u0142em napisanie artyku\u0142u o tej rasie. By\u0142o to spowodowane ogromem emocji kt\u00f3re nawet dzi\u015b wracaj\u0105 do mnie z ogromn\u0105 si\u0142\u0105 na sam\u0105 my\u015bl o opowie\u015bciach moich krewnych kt\u00f3rych s\u0142ucha\u0142em z otwartymi ustami ,wtulony w ciep\u0142y zapiecek le\u015bnicz\u00f3wki. Opowie\u015bci o psach odwa\u017cnych do szale\u0144stwa, wiernych i oddanych jednej tylko profesji \u2013 \u0142owom na czarnego zwierza.<\/p>\n\n\n\n<p class=\"wp-block-paragraph\"><em>,,Z oddali ni\u00f3s\u0142 si\u0119 huk niemieckich dzia\u0142 kt\u00f3re wci\u0105\u017c odszczekiwa\u0142y si\u0119 zajadle w agonii umieraj\u0105cej obrony znienawidzonego okupanta. Wojenna po\u017coga szalej\u0105ca na Polskich ziemiach mia\u0142a si\u0119 ku ko\u0144cowi. W wiosce po\u0142o\u017conej w g\u0142\u0119bi las\u00f3w na granicy wojew\u00f3dztwa kieleckiego i cz\u0119stochowskiego panowa\u0142 g\u0142\u00f3d. Ca\u0142\u0105 \u017cywno\u015b\u0107 zbierali albo Niemcy albo partyzanci. Na wojnie trudno czasem rozpozna\u0107 kto jest przyjacielem a kto wrogiem.<\/em><br><em>Zima by\u0142a bardzo ci\u0119\u017cka a przedn\u00f3wek wci\u0105\u017c obfitowa\u0142 w szarugi i co rusz skuwa\u0142 mrozem okoliczne bagna.<\/em><\/p>\n\n\n\n<p class=\"wp-block-paragraph\"><em>Pod wielkim d\u0119bem opodal niedost\u0119pnych trz\u0119sawisk buchtowa\u0142y dziki w poszukiwaniu \u017co\u0142\u0119dzi , ot kilka przelatk\u00f3w odp\u0119dzonych przez pro\u015bn\u0105 samur\u0119 kt\u00f3ra uda\u0142a si\u0119 na poszukiwanie bar\u0142ogu, gdzie wkr\u00f3tce pojawi si\u0119 nowe pokolenie , ubrane w pasiaste mundurki.<\/em><\/p>\n\n\n\n<p class=\"wp-block-paragraph\"><em>Wataha nie przypuszcza\u0142a \u017ce niebezpiecze\u0144stwo jest tu\u017c,tu\u017c\u2026.&nbsp;<\/em><em>W rozwidleniu mocarnych konar\u00f3w d\u0119bu siedzia\u0142 zzi\u0119bni\u0119ty cz\u0142owiek z dziwnym przedmiotem w d\u0142oniach. Ni to pistolet , ni to strzelba.<\/em><\/p>\n\n\n\n<p class=\"wp-block-paragraph\"><em>Samopa\u0142 w\u0142asnej konstrukcji pozwala\u0142 prze\u017cy\u0107 ca\u0142ej rodzinie w trudnym wojennym czasie , a wielowiekowe tradycje polowa\u0144 i znajomo\u015b\u0107 okolicznych las\u00f3w nie jeden raz ratowa\u0142a \u017cycie. Bro\u0144 kt\u00f3r\u0105 wcze\u015bniej posiada\u0142 legalnie jako le\u015bniczy skonfiskowali Niemcy, ale nie mogli zabra\u0107 tego co najwa\u017cniejsze \u2013 my\u015bliwskiej duszy.<\/em><\/p>\n\n\n\n<p class=\"wp-block-paragraph\"><em>Kiedy dziki zbli\u017cy\u0142y si\u0119 do pnia na odleg\u0142o\u015b\u0107 kilku metr\u00f3w huk wystrza\u0142u zawt\u00f3rowa\u0142 niemieckim armatom. Dziki rozbieg\u0142y si\u0119 we wszystkie strony , a z drzewa z j\u0119kiem spad\u0142 na ziemi\u0119 \u00f3w cz\u0142owiek. Niestety , dot\u0105d niezawodna bro\u0144 odm\u00f3wi\u0142a pos\u0142usze\u0144stwa. Gazy prochowe rozerwa\u0142y prowizoryczny zamek a \u017celazo z ca\u0142ym impetem uderzy\u0142o w twarz i prawe oko my\u015bliwca.<\/em><\/p>\n\n\n\n<p class=\"wp-block-paragraph\"><em>Zaniepokojona rodzina poszukiwa\u0142a nieszcz\u0119\u015bnika dwa dni. Znalaz\u0142 go nieprzytomnego pies wzi\u0119ty z obej\u015bcia kt\u00f3ry uwi\u0105zany na postronku doprowadzi\u0142 do miejsca gdzie wydarzy\u0142o si\u0119 nieszcz\u0119\u015bcie. Pies kt\u00f3ry przyw\u0119drowa\u0142 w te okolice z wozami cyga\u0144skimi jad\u0105cymi z pod Przemy\u015bla.. Czarny niczym smo\u0142a roztopiona w ogniu, z czerwonymi podpaleniami na \u0142apach ,kufie i ogonie.<\/em><\/p>\n\n\n\n<p class=\"wp-block-paragraph\"><em>My\u015bliwy przez kilka miesi\u0119cy leczy\u0142 rany. Pozosta\u0142a zgruchotana ko\u015b\u0107 policzkowa i nos, wypalone prawe oko i straszne blizny do ko\u0144ca \u017cycia przypominaj\u0105ce o przygodzie. Nie potrafi\u0142 ju\u017c strzela\u0107.<\/em><\/p>\n\n\n\n<p class=\"wp-block-paragraph\"><em>Ale wci\u0105\u017c mia\u0142 psa. I tak zacz\u0119\u0142a si\u0119 prawdziwa wsp\u00f3\u0142praca i prawdziwe \u0142owy. Wiele dzik\u00f3w wypracowa\u0142 czarny przyjaciel my\u015bliwego. Wybiera\u0142 z watahy jednego \u015bredniego przelatka , osacza\u0142 i g\u0142osi\u0142 niejednokrotnie klika godzin nim nadszed\u0142 my\u015bliwy z rohatyn\u0105 i kordelasem. \u0141owy by\u0142y bardzo niebezpieczne ale niezwykle skuteczne\u2026\u201d<\/em><\/p>\n\n\n\n<p class=\"wp-block-paragraph\">Wiele takich opowie\u015bci wci\u0105\u017c \u017cyje w mojej duszy i kiedy czekam na czarnego zwierz\u0105 noc\u0105 przy ksi\u0119\u017cycu pot\u0119guj\u0105 moje emocje. Dzi\u015b mam sztucer z lunet\u0105 a ze starego i zardzewia\u0142ego kordelasa powsta\u0142 n\u00f3\u017c my\u015bliwski ukuty r\u0119k\u0105 kowalskiego mistrza. Tylko napis na ostrzu przypomina o tamtych trudnych czasach gdzie walka o \u017cycie by\u0142a codzienno\u015bci\u0105 a uczucie g\u0142odu tak powszechne jak dzi\u015b poczucie syto\u015bci.<\/p>\n\n\n\n<p class=\"wp-block-paragraph\">Podania te uzmys\u0142awiaj\u0105 mi jakie by\u0142o polowanie w tamtych czasach i jak bardzo si\u0119 ono zmieni\u0142o w ci\u0105gu tylko jednego pokolenia.<\/p>\n\n\n\n<p class=\"wp-block-paragraph\">Ale psy wci\u0105\u017c s\u0105 z nami a Go\u0144czy Polski na pewno zas\u0142uguje aby znale\u017a\u0107 si\u0119 w pierwszej pi\u0105tce najbardziej po\u017c\u0105danych ras w rodzimych \u0142owiskach.<\/p>\n\n\n\n<p class=\"wp-block-paragraph\">Przyjrzyjmy si\u0119 zatem rasie bardzo polskiej , naszej , i zwi\u0105zanej z najtrudniejszymi dziejami kraju w kt\u00f3rym kliku zapale\u0144c\u00f3w nie pozwoli\u0142o aby inni zapomnieli o tym , \u017ce psy by\u0142y zawsze nasz\u0105 nieod\u0142\u0105czn\u0105 tradycj\u0105.<\/p>\n\n\n\n<p class=\"wp-block-paragraph\">Je\u015bli chodzi o histori\u0119 rasy to wr\u0119cz doskonale zosta\u0142a ona opisana na stronie mi\u0142o\u015bnik\u00f3w Go\u0144czego Polskiego i z mojej strony niewiele jestem w stanie doda\u0107 a tylko przed autorami zdj\u0105\u0107 z pokor\u0105 m\u00f3j my\u015bliwski kapelusz.<\/p>\n\n\n\n<p class=\"wp-block-paragraph\">Warto natomiast troch\u0119 podyskutowa\u0107 o u\u017cytkowo\u015bci , w\u0142a\u015bciwej selekcji oraz szkoleniu.<\/p>\n\n\n\n<p class=\"wp-block-paragraph\">Na wystawach i konkursach pojawia si\u0119 bardzo wiele Go\u0144czych Polskich. I to bardzo dobrze. Im liczniejsza grupa ludzi i ps\u00f3w , tym \u0142atwiej wyselekcjonowa\u0107 te kt\u00f3re naprawd\u0119 nadaj\u0105 si\u0119 do miana psa u\u017cytkowego. Nie od dzi\u015b wiadomo \u017ce \u017cadna sztuka zdoby\u0107 najwy\u017csze laury na wystawie kiedy pies jest jedynym przedstawicielem rasy. Ale kiedy konkurencja jest wysoka \u2013 o dobre lokaty trudno. Chcia\u0142bym wierzy\u0107 g\u0142\u0119boko \u017ce s\u0119dziowie oceniaj\u0105cy eksterier r\u00f3wnie\u017c s\u0105 my\u015bliwymi , hodowcami i wiedz\u0105 jak powinien wygl\u0105da\u0107 u\u017cytkowy pies my\u015bliwski. Co do konkurs\u00f3w dzikarzy \u2013 tutaj wychodzi szyd\u0142o z worka. Zagroda weryfikuje pasj\u0119 , umiej\u0119tno\u015b\u0107 pracy dolnym i g\u00f3rnym wiatrem oraz pos\u0142usze\u0144stwo , a \u015bcie\u017cki tropowe definiuj\u0105 te psy kt\u00f3re w tej dziedzinie r\u00f3wnie\u017c s\u0105 uzdolnione.<\/p>\n\n\n\n<p class=\"wp-block-paragraph\">Ale powiedzmy sobie szczerze i otwarcie. Je\u015bli my\u015bliwy chce naby\u0107 naprawd\u0119 u\u017cytkowego szczeniaka to wyb\u00f3r jest tylko jeden \u2013 zawodowi podk\u0142adacze kt\u00f3rzy poluj\u0105 z go\u0144czymi. To polowanie zbiorowe w ilo\u015bci kilkudziesi\u0119ciu na prze\u0142omie dw\u00f3ch , trzech lat pozwala wyodr\u0119bni\u0107 najlepsze psy ze z\u0142aji. Te zbyt agresywne , l\u0119kliwe , z brakiem orientacji w terenie i zbyt du\u017ce odpadn\u0105 bardzo szybko. Zostan\u0105 tylko te najbardziej odporne, pos\u0142uszne , z w\u0142a\u015bciwym gonem i umiej\u0119tno\u015bci\u0105 poszukiwania. Bo cho\u0107 w kynologii najwi\u0119kszym wrogiem jest ekonomia , tak w tym przypadku bardzo ona nam sprzyja. Dlaczego? Bo zawodowc\u00f3w z punktu widzenia u\u017cytkowo\u015bci nie sta\u0107 na s\u0142abe i cherlawe psy a tym samym robi\u0105 oni najlepsz\u0105 prac\u0119 i zarazem pras\u0119 dla tej rasy.<\/p>\n\n\n\n<p class=\"wp-block-paragraph\">Wszyscy krzykn\u0105 zgodnym ch\u00f3rem \u2013 jakie to brutalne! Tak , jest to brutalne. Ale w przyrodzie nie istnieje takie s\u0142owo. To tylko ludzie je wymy\u015blili aby skomplikowa\u0107 wiele rzeczy kt\u00f3re kiedy\u015b by\u0142y proste. Je\u015bli istnieje lepszy spos\u00f3b na wyodr\u0119bnienie naprawd\u0119 u\u017cytkowych ps\u00f3w i dopuszczenie ich do rozrodu i hodowli \u2013 chcia\u0142bym go pozna\u0107.<\/p>\n\n\n\n<p class=\"wp-block-paragraph\">Kiedy prowadz\u0119 rekrutacj\u0119 na stanowisko gdzie wymagana jest p\u0142ynna znajomo\u015b\u0107 j\u0119zyka angielskiego \u2013 otrzymuj\u0119 bardzo wiele C.V. Ale kiedy przez telefon prosz\u0119 o opowiedzenie dnia wczorajszego po angielsku \u2013 w wi\u0119kszo\u015bci przypadk\u00f3w nawet nie us\u0142ysz\u0119 I\u2019m sorry . Rozumiem \u017ce ludzie walcz\u0105 o prac\u0119 \u2013 ale ja r\u00f3wnie\u017c mam swoj\u0105 odpowiedzialno\u015b\u0107. Musz\u0119 znale\u017a\u0107 dobrego pracownika.<\/p>\n\n\n\n<p class=\"wp-block-paragraph\">Wi\u0119c kiedy szukamy u\u017cytkowego Go\u0144czego Polskiego warto porozmawia\u0107 z w\u0142a\u015bcicielem hodowli \u2013 niestety z psem porozmawia\u0107 nam b\u0119dzie troch\u0119 trudno\u2026 Gdzie ostatnio polowa\u0142 , jakie mia\u0142 sukcesy , trofea. To bardzo prosta komunikacja kt\u00f3ra mo\u017ce zaoszcz\u0119dzi\u0107 nam i psom bardzo wielu nieprzyjemno\u015bci w p\u00f3\u017aniejszym czasie.<\/p>\n\n\n\n<p class=\"wp-block-paragraph\">Wielu my\u015bliwych pyta mnie cz\u0119sto jak wybra\u0107 najlepszego szczeniaka z miotu? C\u00f3\u017c , przyznam si\u0119 szczerze \u017ce nie mam na to recepty \u2013 mo\u017ce dlatego \u017ce nigdy nie by\u0142em hodowc\u0105 i nie sprzedawa\u0142em szczeniak\u00f3w a wiele kr\u0105\u017c\u0105cych sposob\u00f3w wyboru szczeniaka uwa\u017cam za dobry \u017cart opowiadany przy kieliszku nalewki.<\/p>\n\n\n\n<p class=\"wp-block-paragraph\">Zawsze uczulam jednak aby unika\u0107 szczeniak\u00f3w zbyt du\u017cych \u2013 du\u017cy pies zawsze b\u0119dzie l\u0119kliwy. Nie nale\u017cy kupowa\u0107 szczeniak\u00f3w po siod\u0142owatych sukach , o zbyt kr\u00f3tkich kufach i ko\u015blawych \u0142apach. Wad\u0105 jest r\u00f3wnie\u017c zbyt ,,rozjechana \u2018\u2019 stopa , gdzie palce nie trzymaj\u0105 si\u0119 razem. Warto zwr\u00f3ci\u0107 r\u00f3wnie\u017c uwag\u0119 na oczy, aby dolne powieki nie by\u0142y zbyt obwis\u0142e. Tak czy owak bardzo wiele zale\u017cy od nas i naprawd\u0119 warto zabra\u0107 kogo\u015b kto zna si\u0119 na hodowli kiedy jedziemy po szczeniaka. Pami\u0119tajmy \u017ce jest to wyb\u00f3r na \u015brednio 10 lat a schroniska p\u0119kaj\u0105 w szwach od ps\u00f3w kt\u00f3re przecie\u017c by\u0142y takie \u015bliczne jako szczeniaki i w zamy\u015ble mia\u0142y by\u0107 tak doskona\u0142e jako ju\u017c doros\u0142e czworonogi. Jak wi\u0119c powinien wygl\u0105da\u0107 Go\u0144czy Polski?<\/p>\n\n\n\n<p class=\"wp-block-paragraph\">Pies \u015bredniej wielko\u015bci , raczej mocnej budowy ale niezbyt muskularny, \u0142apa prosta , o szerokiej klatce. Kufa d\u0142uga z wyra\u017anym du\u017cym wietrznikiem i \u015brednimi faflami. Oczy g\u0142\u0119boko osadzone , nie wypuk\u0142e , powieki przylegaj\u0105ce. Okrywa w\u0142osowa g\u0142adka , przylegaj\u0105ca i z po\u0142yskiem na sier\u015bci. Je\u015bli chodzi o kolor dominuj\u0105 psy czarne z czerwonymi znaczeniami na \u0142apach , kufie i ogonie. Ale zdarzaj\u0105 si\u0119 r\u00f3wnie\u017c br\u0105zowe i rude. Pami\u0119tajmy \u017ce bardzo ceniony przez niekt\u00f3rych rudy Go\u0144czy Polski na zbior\u00f3wkach powinien biega\u0107 w kamizelce , gdy\u017c kto\u015b nieopatrznie mo\u017ce pomyli\u0107 go z lisem. Pies bez w\u0105tpienia o harmonijnej i pi\u0119knej sylwetce, a wszystko co j\u0105 zaburza i rzuca si\u0119 w oczy uzna\u0142 bym za wad\u0119 z punktu widzenia eksterieru.<\/p>\n\n\n\n<p class=\"wp-block-paragraph\">Pisz\u0105c pocz\u0105tek tego artyku\u0142u przytoczy\u0142em opowie\u015b\u0107 s\u0142yszan\u0105 wielokrotnie jako dziecko. Celem moim by\u0142o uzmys\u0142owienie czytelnikom \u017ce Go\u0144czy Polski by\u0142 zawsze psem my\u015bliwskim u\u017cytkowym , psem walecznym i niezwykle \u017cywotnym . By\u0142 hodowany po to aby polowa\u0107 i zdobywa\u0107 po\u017cywienie dla swoich w\u0142a\u015bcicieli. Nie jest to pies na kanap\u0119 i do trzymania w ma\u0142ych mieszkaniach. Robimy wtedy krzywd\u0119 i sobie i psu. Oczywi\u015bcie to przyszli w\u0142a\u015bciciele zdecyduj\u0105 w kt\u00f3rym kierunku b\u0119d\u0105 szkoli\u0107 swojego go\u0144czego i w jaki spos\u00f3b b\u0119d\u0105 z nim polowali. A pies ten nadaje si\u0119 tak naprawd\u0119 do ka\u017cdego rodzaju polowania \u2013 wszystko zale\u017cy tylko od nas.<\/p>\n\n\n\n<p class=\"wp-block-paragraph\"><em>,,Kiedy sko\u0144czy\u0142a si\u0119 wojna m\u00f3j daleki krewny wci\u0105\u017c polowa\u0142 ze swoim go\u0144czym. Niestety , nie podoba\u0142o si\u0119 to \u00f3wczesnej w\u0142adzy i pewnego razu dwa u\u0142azy i czarna wo\u0142ga zjecha\u0142y pod skromn\u0105 chatk\u0119 pod lasem . Wuja nie by\u0142o w domu a go\u0144czy szczerz\u0105c k\u0142y nie chcia\u0142 wpu\u015bci\u0107 obcych i z\u0142ych ludzi. Strza\u0142 z TT-etki zako\u0144czy\u0142 \u017cycie psa kt\u00f3remu cz\u0142owiek zawdzi\u0119cza\u0142 tak wiele. Kiedy wr\u00f3ci\u0142 do domu pochowa\u0142 go pod jab\u0142oni\u0105 opodal domu \u2013 przysi\u0119gaj\u0105c zemst\u0119. Przez wiele lat w tamte okolice nie zapuszcza\u0142 si\u0119 \u017caden partyjny dygnitarz . Ludzie powiadali \u017ce cz\u0142owiek o strasznej, zmasakrowanej twarzy z dwoma czarnymi psami przy nodze przemyka si\u0119 na skraju bagien ukrywaj\u0105c sobie tylko znane tajemnice w le\u015bnych ost\u0119pach\u2026.\u201d<\/em><\/p>\n\n\n\n<p class=\"wp-block-paragraph\"><a href=\"https:\/\/szkoleniepsowmysliwskich.pl\/wp-content\/uploads\/GL_201604_pelka.pdf\" target=\"_blank\" rel=\"noreferrer noopener\"><\/a><\/p>\n\n\n\n<div class=\"wp-block-file\"><a id=\"wp-block-file--media-92ce2598-5a94-4093-ae5d-a83c8f935ac2\" href=\"http:\/\/wwwlolekkom.pl\/wp-content\/uploads\/2025\/12\/Gonczy-Polski-\u2013-Czarna-esencja-lowow.pdf\">Go\u0144czy Polski \u2013 Czarna esencja \u0142ow\u00f3w<\/a><a href=\"http:\/\/wwwlolekkom.pl\/wp-content\/uploads\/2025\/12\/Gonczy-Polski-\u2013-Czarna-esencja-lowow.pdf\" class=\"wp-block-file__button wp-element-button\" download aria-describedby=\"wp-block-file--media-92ce2598-5a94-4093-ae5d-a83c8f935ac2\">Pobierz<\/a><\/div>\n","protected":false},"excerpt":{"rendered":"<p>Wci\u0105\u017c odwleka\u0142em napisanie artyku\u0142u o tej rasie. By\u0142o to spowodowane ogromem emocji kt\u00f3re nawet dzi\u015b wracaj\u0105 do mnie z ogromn\u0105 si\u0142\u0105 na sam\u0105 my\u015bl o opowie\u015bciach moich krewnych kt\u00f3rych s\u0142ucha\u0142em z otwartymi ustami ,wtulony w ciep\u0142y zapiecek le\u015bnicz\u00f3wki. Opowie\u015bci o psach odwa\u017cnych do szale\u0144stwa, wiernych i oddanych jednej tylko profesji \u2013 \u0142owom na czarnego zwierza&#8230;.<\/p>\n","protected":false},"author":3,"featured_media":405,"comment_status":"closed","ping_status":"closed","sticky":false,"template":"","format":"standard","meta":{"two_page_speed":[],"footnotes":""},"categories":[11],"tags":[],"class_list":["post-404","post","type-post","status-publish","format-standard","has-post-thumbnail","hentry","category-rasy-psow"],"yoast_head":"<!-- This site is optimized with the Yoast SEO plugin v27.2 - https:\/\/yoast.com\/product\/yoast-seo-wordpress\/ -->\n<title>Go\u0144czy Polski \u2013 Czarna esencja \u0142ow\u00f3w - Charyzmat<\/title>\n<meta name=\"robots\" content=\"index, follow, max-snippet:-1, max-image-preview:large, max-video-preview:-1\" \/>\n<link rel=\"canonical\" href=\"https:\/\/wwwlolekkom.pl\/?p=404\" \/>\n<meta property=\"og:locale\" content=\"pl_PL\" \/>\n<meta property=\"og:type\" content=\"article\" \/>\n<meta property=\"og:title\" content=\"Go\u0144czy Polski \u2013 Czarna esencja \u0142ow\u00f3w - Charyzmat\" \/>\n<meta property=\"og:description\" content=\"Wci\u0105\u017c odwleka\u0142em napisanie artyku\u0142u o tej rasie. By\u0142o to spowodowane ogromem emocji kt\u00f3re nawet dzi\u015b wracaj\u0105 do mnie z ogromn\u0105 si\u0142\u0105 na sam\u0105 my\u015bl o opowie\u015bciach moich krewnych kt\u00f3rych s\u0142ucha\u0142em z otwartymi ustami ,wtulony w ciep\u0142y zapiecek le\u015bnicz\u00f3wki. Opowie\u015bci o psach odwa\u017cnych do szale\u0144stwa, wiernych i oddanych jednej tylko profesji \u2013 \u0142owom na czarnego zwierza....\" \/>\n<meta property=\"og:url\" content=\"https:\/\/wwwlolekkom.pl\/?p=404\" \/>\n<meta property=\"og:site_name\" content=\"Charyzmat\" \/>\n<meta property=\"article:published_time\" content=\"2025-12-10T22:43:00+00:00\" \/>\n<meta property=\"article:modified_time\" content=\"2025-12-12T22:53:31+00:00\" \/>\n<meta property=\"og:image\" content=\"https:\/\/wwwlolekkom.pl\/wp-content\/uploads\/2025\/12\/Gonczy-Polski-\u2013-Czarna-esencja-lowow.jpg\" \/>\n\t<meta property=\"og:image:width\" content=\"1000\" \/>\n\t<meta property=\"og:image:height\" content=\"647\" \/>\n\t<meta property=\"og:image:type\" content=\"image\/jpeg\" \/>\n<meta name=\"author\" content=\"Jaros\u0142aw Pe\u0142ka\" \/>\n<meta name=\"twitter:card\" content=\"summary_large_image\" \/>\n<meta name=\"twitter:label1\" content=\"Napisane przez\" \/>\n\t<meta name=\"twitter:data1\" content=\"Jaros\u0142aw Pe\u0142ka\" \/>\n\t<meta name=\"twitter:label2\" content=\"Szacowany czas czytania\" \/>\n\t<meta name=\"twitter:data2\" content=\"9 minut\" \/>\n<script type=\"application\/ld+json\" class=\"yoast-schema-graph\">{\"@context\":\"https:\/\/schema.org\",\"@graph\":[{\"@type\":\"Article\",\"@id\":\"https:\/\/wwwlolekkom.pl\/?p=404#article\",\"isPartOf\":{\"@id\":\"https:\/\/wwwlolekkom.pl\/?p=404\"},\"author\":{\"name\":\"Jaros\u0142aw Pe\u0142ka\",\"@id\":\"https:\/\/wwwlolekkom.pl\/#\/schema\/person\/c2c23d93a4eaee3128eb6f6a9ddb7927\"},\"headline\":\"Go\u0144czy Polski \u2013 Czarna esencja \u0142ow\u00f3w\",\"datePublished\":\"2025-12-10T22:43:00+00:00\",\"dateModified\":\"2025-12-12T22:53:31+00:00\",\"mainEntityOfPage\":{\"@id\":\"https:\/\/wwwlolekkom.pl\/?p=404\"},\"wordCount\":1786,\"publisher\":{\"@id\":\"https:\/\/wwwlolekkom.pl\/#organization\"},\"image\":{\"@id\":\"https:\/\/wwwlolekkom.pl\/?p=404#primaryimage\"},\"thumbnailUrl\":\"https:\/\/wwwlolekkom.pl\/wp-content\/uploads\/2025\/12\/Gonczy-Polski-\u2013-Czarna-esencja-lowow.jpg\",\"articleSection\":[\"Rasy ps\u00f3w\"],\"inLanguage\":\"pl-PL\"},{\"@type\":\"WebPage\",\"@id\":\"https:\/\/wwwlolekkom.pl\/?p=404\",\"url\":\"https:\/\/wwwlolekkom.pl\/?p=404\",\"name\":\"Go\u0144czy Polski \u2013 Czarna esencja \u0142ow\u00f3w - Charyzmat\",\"isPartOf\":{\"@id\":\"https:\/\/wwwlolekkom.pl\/#website\"},\"primaryImageOfPage\":{\"@id\":\"https:\/\/wwwlolekkom.pl\/?p=404#primaryimage\"},\"image\":{\"@id\":\"https:\/\/wwwlolekkom.pl\/?p=404#primaryimage\"},\"thumbnailUrl\":\"https:\/\/wwwlolekkom.pl\/wp-content\/uploads\/2025\/12\/Gonczy-Polski-\u2013-Czarna-esencja-lowow.jpg\",\"datePublished\":\"2025-12-10T22:43:00+00:00\",\"dateModified\":\"2025-12-12T22:53:31+00:00\",\"breadcrumb\":{\"@id\":\"https:\/\/wwwlolekkom.pl\/?p=404#breadcrumb\"},\"inLanguage\":\"pl-PL\",\"potentialAction\":[{\"@type\":\"ReadAction\",\"target\":[\"https:\/\/wwwlolekkom.pl\/?p=404\"]}]},{\"@type\":\"ImageObject\",\"inLanguage\":\"pl-PL\",\"@id\":\"https:\/\/wwwlolekkom.pl\/?p=404#primaryimage\",\"url\":\"https:\/\/wwwlolekkom.pl\/wp-content\/uploads\/2025\/12\/Gonczy-Polski-\u2013-Czarna-esencja-lowow.jpg\",\"contentUrl\":\"https:\/\/wwwlolekkom.pl\/wp-content\/uploads\/2025\/12\/Gonczy-Polski-\u2013-Czarna-esencja-lowow.jpg\",\"width\":1000,\"height\":647},{\"@type\":\"BreadcrumbList\",\"@id\":\"https:\/\/wwwlolekkom.pl\/?p=404#breadcrumb\",\"itemListElement\":[{\"@type\":\"ListItem\",\"position\":1,\"name\":\"Strona g\u0142\u00f3wna\",\"item\":\"https:\/\/wwwlolekkom.pl\/\"},{\"@type\":\"ListItem\",\"position\":2,\"name\":\"Go\u0144czy Polski \u2013 Czarna esencja \u0142ow\u00f3w\"}]},{\"@type\":\"WebSite\",\"@id\":\"https:\/\/wwwlolekkom.pl\/#website\",\"url\":\"https:\/\/wwwlolekkom.pl\/\",\"name\":\"Charyzmat\",\"description\":\"szkolenie ps\u00f3w my\u015bliwskich\",\"publisher\":{\"@id\":\"https:\/\/wwwlolekkom.pl\/#organization\"},\"potentialAction\":[{\"@type\":\"SearchAction\",\"target\":{\"@type\":\"EntryPoint\",\"urlTemplate\":\"https:\/\/wwwlolekkom.pl\/?s={search_term_string}\"},\"query-input\":{\"@type\":\"PropertyValueSpecification\",\"valueRequired\":true,\"valueName\":\"search_term_string\"}}],\"inLanguage\":\"pl-PL\"},{\"@type\":\"Organization\",\"@id\":\"https:\/\/wwwlolekkom.pl\/#organization\",\"name\":\"Charyzmat\",\"url\":\"https:\/\/wwwlolekkom.pl\/\",\"logo\":{\"@type\":\"ImageObject\",\"inLanguage\":\"pl-PL\",\"@id\":\"https:\/\/wwwlolekkom.pl\/#\/schema\/logo\/image\/\",\"url\":\"https:\/\/wwwlolekkom.pl\/wp-content\/uploads\/2025\/12\/Charyzmat.jpg\",\"contentUrl\":\"https:\/\/wwwlolekkom.pl\/wp-content\/uploads\/2025\/12\/Charyzmat.jpg\",\"width\":1000,\"height\":1000,\"caption\":\"Charyzmat\"},\"image\":{\"@id\":\"https:\/\/wwwlolekkom.pl\/#\/schema\/logo\/image\/\"}},{\"@type\":\"Person\",\"@id\":\"https:\/\/wwwlolekkom.pl\/#\/schema\/person\/c2c23d93a4eaee3128eb6f6a9ddb7927\",\"name\":\"Jaros\u0142aw Pe\u0142ka\",\"image\":{\"@type\":\"ImageObject\",\"inLanguage\":\"pl-PL\",\"@id\":\"https:\/\/secure.gravatar.com\/avatar\/e8f40adebedc0a528ec19300c51dbcf02e7832a66b984797223a5c6a3ac1b9c6?s=96&d=mm&r=g\",\"url\":\"https:\/\/secure.gravatar.com\/avatar\/e8f40adebedc0a528ec19300c51dbcf02e7832a66b984797223a5c6a3ac1b9c6?s=96&d=mm&r=g\",\"contentUrl\":\"https:\/\/secure.gravatar.com\/avatar\/e8f40adebedc0a528ec19300c51dbcf02e7832a66b984797223a5c6a3ac1b9c6?s=96&d=mm&r=g\",\"caption\":\"Jaros\u0142aw Pe\u0142ka\"},\"description\":\"autor\",\"url\":\"https:\/\/wwwlolekkom.pl\/?author=3\"}]}<\/script>\n<!-- \/ Yoast SEO plugin. -->","yoast_head_json":{"title":"Go\u0144czy Polski \u2013 Czarna esencja \u0142ow\u00f3w - Charyzmat","robots":{"index":"index","follow":"follow","max-snippet":"max-snippet:-1","max-image-preview":"max-image-preview:large","max-video-preview":"max-video-preview:-1"},"canonical":"https:\/\/wwwlolekkom.pl\/?p=404","og_locale":"pl_PL","og_type":"article","og_title":"Go\u0144czy Polski \u2013 Czarna esencja \u0142ow\u00f3w - Charyzmat","og_description":"Wci\u0105\u017c odwleka\u0142em napisanie artyku\u0142u o tej rasie. By\u0142o to spowodowane ogromem emocji kt\u00f3re nawet dzi\u015b wracaj\u0105 do mnie z ogromn\u0105 si\u0142\u0105 na sam\u0105 my\u015bl o opowie\u015bciach moich krewnych kt\u00f3rych s\u0142ucha\u0142em z otwartymi ustami ,wtulony w ciep\u0142y zapiecek le\u015bnicz\u00f3wki. Opowie\u015bci o psach odwa\u017cnych do szale\u0144stwa, wiernych i oddanych jednej tylko profesji \u2013 \u0142owom na czarnego zwierza....","og_url":"https:\/\/wwwlolekkom.pl\/?p=404","og_site_name":"Charyzmat","article_published_time":"2025-12-10T22:43:00+00:00","article_modified_time":"2025-12-12T22:53:31+00:00","og_image":[{"width":1000,"height":647,"url":"https:\/\/wwwlolekkom.pl\/wp-content\/uploads\/2025\/12\/Gonczy-Polski-\u2013-Czarna-esencja-lowow.jpg","type":"image\/jpeg"}],"author":"Jaros\u0142aw Pe\u0142ka","twitter_card":"summary_large_image","twitter_misc":{"Napisane przez":"Jaros\u0142aw Pe\u0142ka","Szacowany czas czytania":"9 minut"},"schema":{"@context":"https:\/\/schema.org","@graph":[{"@type":"Article","@id":"https:\/\/wwwlolekkom.pl\/?p=404#article","isPartOf":{"@id":"https:\/\/wwwlolekkom.pl\/?p=404"},"author":{"name":"Jaros\u0142aw Pe\u0142ka","@id":"https:\/\/wwwlolekkom.pl\/#\/schema\/person\/c2c23d93a4eaee3128eb6f6a9ddb7927"},"headline":"Go\u0144czy Polski \u2013 Czarna esencja \u0142ow\u00f3w","datePublished":"2025-12-10T22:43:00+00:00","dateModified":"2025-12-12T22:53:31+00:00","mainEntityOfPage":{"@id":"https:\/\/wwwlolekkom.pl\/?p=404"},"wordCount":1786,"publisher":{"@id":"https:\/\/wwwlolekkom.pl\/#organization"},"image":{"@id":"https:\/\/wwwlolekkom.pl\/?p=404#primaryimage"},"thumbnailUrl":"https:\/\/wwwlolekkom.pl\/wp-content\/uploads\/2025\/12\/Gonczy-Polski-\u2013-Czarna-esencja-lowow.jpg","articleSection":["Rasy ps\u00f3w"],"inLanguage":"pl-PL"},{"@type":"WebPage","@id":"https:\/\/wwwlolekkom.pl\/?p=404","url":"https:\/\/wwwlolekkom.pl\/?p=404","name":"Go\u0144czy Polski \u2013 Czarna esencja \u0142ow\u00f3w - Charyzmat","isPartOf":{"@id":"https:\/\/wwwlolekkom.pl\/#website"},"primaryImageOfPage":{"@id":"https:\/\/wwwlolekkom.pl\/?p=404#primaryimage"},"image":{"@id":"https:\/\/wwwlolekkom.pl\/?p=404#primaryimage"},"thumbnailUrl":"https:\/\/wwwlolekkom.pl\/wp-content\/uploads\/2025\/12\/Gonczy-Polski-\u2013-Czarna-esencja-lowow.jpg","datePublished":"2025-12-10T22:43:00+00:00","dateModified":"2025-12-12T22:53:31+00:00","breadcrumb":{"@id":"https:\/\/wwwlolekkom.pl\/?p=404#breadcrumb"},"inLanguage":"pl-PL","potentialAction":[{"@type":"ReadAction","target":["https:\/\/wwwlolekkom.pl\/?p=404"]}]},{"@type":"ImageObject","inLanguage":"pl-PL","@id":"https:\/\/wwwlolekkom.pl\/?p=404#primaryimage","url":"https:\/\/wwwlolekkom.pl\/wp-content\/uploads\/2025\/12\/Gonczy-Polski-\u2013-Czarna-esencja-lowow.jpg","contentUrl":"https:\/\/wwwlolekkom.pl\/wp-content\/uploads\/2025\/12\/Gonczy-Polski-\u2013-Czarna-esencja-lowow.jpg","width":1000,"height":647},{"@type":"BreadcrumbList","@id":"https:\/\/wwwlolekkom.pl\/?p=404#breadcrumb","itemListElement":[{"@type":"ListItem","position":1,"name":"Strona g\u0142\u00f3wna","item":"https:\/\/wwwlolekkom.pl\/"},{"@type":"ListItem","position":2,"name":"Go\u0144czy Polski \u2013 Czarna esencja \u0142ow\u00f3w"}]},{"@type":"WebSite","@id":"https:\/\/wwwlolekkom.pl\/#website","url":"https:\/\/wwwlolekkom.pl\/","name":"Charyzmat","description":"szkolenie ps\u00f3w my\u015bliwskich","publisher":{"@id":"https:\/\/wwwlolekkom.pl\/#organization"},"potentialAction":[{"@type":"SearchAction","target":{"@type":"EntryPoint","urlTemplate":"https:\/\/wwwlolekkom.pl\/?s={search_term_string}"},"query-input":{"@type":"PropertyValueSpecification","valueRequired":true,"valueName":"search_term_string"}}],"inLanguage":"pl-PL"},{"@type":"Organization","@id":"https:\/\/wwwlolekkom.pl\/#organization","name":"Charyzmat","url":"https:\/\/wwwlolekkom.pl\/","logo":{"@type":"ImageObject","inLanguage":"pl-PL","@id":"https:\/\/wwwlolekkom.pl\/#\/schema\/logo\/image\/","url":"https:\/\/wwwlolekkom.pl\/wp-content\/uploads\/2025\/12\/Charyzmat.jpg","contentUrl":"https:\/\/wwwlolekkom.pl\/wp-content\/uploads\/2025\/12\/Charyzmat.jpg","width":1000,"height":1000,"caption":"Charyzmat"},"image":{"@id":"https:\/\/wwwlolekkom.pl\/#\/schema\/logo\/image\/"}},{"@type":"Person","@id":"https:\/\/wwwlolekkom.pl\/#\/schema\/person\/c2c23d93a4eaee3128eb6f6a9ddb7927","name":"Jaros\u0142aw Pe\u0142ka","image":{"@type":"ImageObject","inLanguage":"pl-PL","@id":"https:\/\/secure.gravatar.com\/avatar\/e8f40adebedc0a528ec19300c51dbcf02e7832a66b984797223a5c6a3ac1b9c6?s=96&d=mm&r=g","url":"https:\/\/secure.gravatar.com\/avatar\/e8f40adebedc0a528ec19300c51dbcf02e7832a66b984797223a5c6a3ac1b9c6?s=96&d=mm&r=g","contentUrl":"https:\/\/secure.gravatar.com\/avatar\/e8f40adebedc0a528ec19300c51dbcf02e7832a66b984797223a5c6a3ac1b9c6?s=96&d=mm&r=g","caption":"Jaros\u0142aw Pe\u0142ka"},"description":"autor","url":"https:\/\/wwwlolekkom.pl\/?author=3"}]}},"_links":{"self":[{"href":"https:\/\/wwwlolekkom.pl\/index.php?rest_route=\/wp\/v2\/posts\/404","targetHints":{"allow":["GET"]}}],"collection":[{"href":"https:\/\/wwwlolekkom.pl\/index.php?rest_route=\/wp\/v2\/posts"}],"about":[{"href":"https:\/\/wwwlolekkom.pl\/index.php?rest_route=\/wp\/v2\/types\/post"}],"author":[{"embeddable":true,"href":"https:\/\/wwwlolekkom.pl\/index.php?rest_route=\/wp\/v2\/users\/3"}],"replies":[{"embeddable":true,"href":"https:\/\/wwwlolekkom.pl\/index.php?rest_route=%2Fwp%2Fv2%2Fcomments&post=404"}],"version-history":[{"count":1,"href":"https:\/\/wwwlolekkom.pl\/index.php?rest_route=\/wp\/v2\/posts\/404\/revisions"}],"predecessor-version":[{"id":407,"href":"https:\/\/wwwlolekkom.pl\/index.php?rest_route=\/wp\/v2\/posts\/404\/revisions\/407"}],"wp:featuredmedia":[{"embeddable":true,"href":"https:\/\/wwwlolekkom.pl\/index.php?rest_route=\/wp\/v2\/media\/405"}],"wp:attachment":[{"href":"https:\/\/wwwlolekkom.pl\/index.php?rest_route=%2Fwp%2Fv2%2Fmedia&parent=404"}],"wp:term":[{"taxonomy":"category","embeddable":true,"href":"https:\/\/wwwlolekkom.pl\/index.php?rest_route=%2Fwp%2Fv2%2Fcategories&post=404"},{"taxonomy":"post_tag","embeddable":true,"href":"https:\/\/wwwlolekkom.pl\/index.php?rest_route=%2Fwp%2Fv2%2Ftags&post=404"}],"curies":[{"name":"wp","href":"https:\/\/api.w.org\/{rel}","templated":true}]}}