{"id":396,"date":"2025-12-10T23:40:41","date_gmt":"2025-12-10T22:40:41","guid":{"rendered":"http:\/\/wwwlolekkom.pl\/?p=396"},"modified":"2025-12-12T23:53:41","modified_gmt":"2025-12-12T22:53:41","slug":"dachsbracke-alpejski-gonczy-krotkonozny","status":"publish","type":"post","link":"https:\/\/wwwlolekkom.pl\/?p=396","title":{"rendered":"Dachsbracke \u2013 Alpejski Go\u0144czy Kr\u00f3tkono\u017cny"},"content":{"rendered":"\n<p class=\"wp-block-paragraph\">Cho\u0107 dla wielu my\u015bliwych w Polsce nazwa rasy brzmi bardzo egzotycznie to patrz\u0105c na tego psa wydaje nam si\u0119 \u017ce wygl\u0105da bardzo swojsko i przyja\u017anie. Nie dajmy si\u0119 zmyli\u0107 pozorom \u2013 alpejczyk to wielki charakter w ma\u0142ym psie.<\/p>\n\n\n\n<p class=\"wp-block-paragraph\">Zapiski si\u0119gaj\u0105ce ubieg\u0142ego stulecia wspominaj\u0105 o psach zbli\u017conych wygl\u0105dem do Alpejczyk\u00f3w wi\u0119c rasa ta wywodz\u0105ca si\u0119 z Austrii ma bogaty rys historyczny. Ju\u017c w tamtych czasach pies ten bra\u0142 udzia\u0142 w polowaniach na zaj\u0105ce i sarny g\u0142osz\u0105c w gonie i pokazuj\u0105c kierunek ucieczki \u015bciganej zwierzyny.<\/p>\n\n\n\n<p class=\"wp-block-paragraph\">Staraniem Austriak\u00f3w rasa zosta\u0142a wpisana do grupy posokowc\u00f3w i podlega tym samym kryteriom oceny na konkursach co posokowiec bawarski i hanowerski. Przyjrzyjmy si\u0119 zatem rasie o obco brzmi\u0105cej nazwie lecz bardzo dobrze pasuj\u0105cej do wielu naszych \u0142owisk.<\/p>\n\n\n\n<p class=\"wp-block-paragraph\">Pierwsze co powinno nam si\u0119 rzuci\u0107 w oczy patrz\u0105c na jamnikogo\u0144czego to jego niezwykle ci\u0119\u017cka budowa i gruboko\u015bcista sylwetka. Bardzo mocna, grubo ciosana sylwetka jest charakterystyczna dla linii niemieckich, ale widywa\u0142em alpejczyki o l\u017cejszej budowie i d\u0142u\u017cszych \u0142apach . Takie linie pochodz\u0105 najcz\u0119\u015bciej z Ba\u0142kan\u00f3w czyli z kraj\u00f3w dawnej Jugos\u0142awi. Ocena wygl\u0105du z pewno\u015bci\u0105 jest kwesti\u0105 gustu ale patrz\u0105c z punktu widzenia u\u017cytkowo\u015bci nale\u017cy zwr\u00f3ci\u0107 uwag\u0119 na w\u0142a\u015bciwe proporcje w wygl\u0105dzie rodzic\u00f3w po kt\u00f3rych chcemy naby\u0107 szczeniaka.<\/p>\n\n\n\n<p class=\"wp-block-paragraph\">Kolejna cecha charakterystyczna to ciemna sier\u015b\u0107 na g\u0142owie tworz\u0105ca jakby czepek , otaczaj\u0105cy oczy zachodz\u0105ca a\u017c na zwisaj\u0105ce uszy. Kufa jasna odcinaj\u0105ca si\u0119 kontrastem . Takie ubarwienie nadaje psu szlachetno\u015bci i potwierdza czysto\u015b\u0107 rasy.<\/p>\n\n\n\n<p class=\"wp-block-paragraph\">Wraz ze wzrostem ilo\u015bci dzik\u00f3w zacz\u0119to r\u00f3wnie\u017c polowa\u0107 z alpejczykami na czarnego zwierza. Pies ten dzi\u0119ki swojemu wojowniczemu charakterowi i pasji doskonale si\u0119 do tego zaadoptowa\u0142 . W skutecznym polowaniu indywidualnym na dziki z psem ma znaczenie jego wzrost . Bardzo cz\u0119sto dziki po prostu uciekaj\u0105 zaatakowane przez jednego lub kilka du\u017cych ps\u00f3w co jest zalet\u0105 z kolei na polowaniach zbiorowych. Kiedy polujemy indywidualnie pies mam za zadanie odnale\u017a\u0107 dzika i go oszczekiwa\u0107 a\u017c do nadej\u015bcia my\u015bliwego. W takich zapasach najlepiej sprawdzaj\u0105 si\u0119 psy ma\u0142e , nie atakuj\u0105ce frontalnie czarnego zwierza.<\/p>\n\n\n\n<p class=\"wp-block-paragraph\">Alpejski go\u0144czy sprawdza si\u0119 r\u00f3wnie\u017c w pracy dolnym wiatrem na zimnych tropach . Warto wspomnie\u0107 \u017ce do tego typu pracy pies powinien by\u0107 wyspecjalizowany i nie powinien pracowa\u0107 jako go\u0144czy na polowaniach zbiorowych. Po prostu musimy sobie odpowiedzie\u0107 na pytanie czy chcemy pracowa\u0107 na otoku poszukuj\u0105c postrza\u0142k\u00f3w , czy te\u017c chcemy mie\u0107 psa go\u0144czego do pracy na ciep\u0142ym tropie .<\/p>\n\n\n\n<p class=\"wp-block-paragraph\">To co dla mnie najcenniejsze w ka\u017cdym czworono\u017cnym pomocniku polowa\u0144 to charakter. Na nic pi\u0119kny eksterier , na nic najlepsze rodowody i pochodzenie kiedy trafimy na psa l\u0119kliwego i bez pasji \u0142owieckiej. Z podziwem patrzy\u0142em na konkursach jak nasi koledzy z Czech pracowali z alpejczykami. Wida\u0107 by\u0142o na pierwszy rzut oka \u017ce by\u0142y to psy ostre , o silnym nieust\u0119pliwym charakterze. Pilnowa\u0142y zgas\u0142ego zwierza szczerz\u0105c z\u0119by na ka\u017cdego kto tylko chcia\u0142 si\u0119 zbli\u017cy\u0107.<br>Wiele lat temu na pocz\u0105tku mojej my\u015bliwskiej drogi ja r\u00f3wnie\u017c mia\u0142em szcz\u0119\u015bcie zupe\u0142nie przypadkiem trafi\u0107 na takiego psa.<\/p>\n\n\n\n<p class=\"wp-block-paragraph\">Historia by\u0142a zwi\u0105zana z moim starszym bratem kt\u00f3ry poprosi\u0142 mnie pewnego razu abym przyjecha\u0142 po niego do jego dziewczyny. Podjecha\u0142em wi\u0119c owego dnia pod blok z wielkiej p\u0142yty i wjecha\u0142em wind\u0105 na czwarte pi\u0119tro. Postanowi\u0142em zaskoczy\u0107 zakochan\u0105 par\u0119 i w\u015blizgn\u0105\u0107 si\u0119 niespostrze\u017cenie do mieszkania. Sforsowa\u0142em bardzo cicho drzwi wej\u015bciowe i ju\u017c by\u0142em w ciasnym przedpokoju gierkowskiego M-3. Najciszej jak umia\u0142em zamkn\u0105\u0142em za sob\u0105 obite materacem drzwi i w tym momencie us\u0142ysza\u0142em d\u017awi\u0119k od kt\u00f3rego w\u0142osy naje\u017cy\u0142y mi si\u0119 jak szczotka.<\/p>\n\n\n\n<p class=\"wp-block-paragraph\">Z kuchni dobieg\u0142o gard\u0142owe warczenie , kt\u00f3re za chwile zamieni\u0142o si\u0119 we w\u015bciek\u0142y charkot i us\u0142ysza\u0142em jak na p\u0142ytkach PCV dzwoni\u0105 pazury wbiegaj\u0105cego do przedpokoju psa. W panice spojrza\u0142em w lewo i prawo szukaj\u0105c jakiej\u015b drogi ucieczki ale by\u0142em w pu\u0142apce oparty plecami o drzwi kt\u00f3re otwiera\u0142y si\u0119 do wewn\u0105trz. Z prawej strony szafa a lewej \u015bciana gdzie na wieszaku wisia\u0142a smycz wraz z obro\u017c\u0105.<\/p>\n\n\n\n<p class=\"wp-block-paragraph\">Szybkim ruchem schwyci\u0142em smycz i spojrza\u0142em prosto w oczy nadbiegaj\u0105cemu agresorowi. Na szcz\u0119\u015bcie \u015bliska pod\u0142oga by\u0142a moim sprzymierze\u0144cem. Pies ,,nie wyrobi\u0142\u201d zakr\u0119tu wybiegaj\u0105c z kuchni i w pi\u0119knym driffcie wyr\u017cn\u0105\u0142 o stoj\u0105c\u0105 szafk\u0119 z telefonem kt\u00f3ry z rumorem spad\u0142 na pod\u0142og\u0119. Pies lekko skonfundowany wyskoczy\u0142 spod przewr\u00f3conego mebla spojrza\u0142 na mnie. I nagle sta\u0142 si\u0119 cud. Z w\u015bciek\u0142ego obro\u0144cy ogniska domowego niedu\u017cy kr\u0119py pies w barwie czerwie\u0144 jelenia i ciemn\u0105 g\u0142ow\u0105 zamieni\u0142 si\u0119 w przyja\u017anie machaj\u0105cego grubym ogonem i przymilaj\u0105cego si\u0119 czworonoga.<\/p>\n\n\n\n<p class=\"wp-block-paragraph\">Z pokoju wyjrza\u0142y dwie rozczochrane g\u0142owy \u2013 mojego brata i dziewczyny . Nawet nie pytali sk\u0105d si\u0119 wzi\u0105\u0142em nagle w mieszkaniu tylko byli bardzo zdziwieni postaw\u0105 psa kt\u00f3ry mia\u0142 na sumieniu wielu listonoszy i inkasent\u00f3w z gazowni i generalnie nie wpuszcza\u0142 nikogo obcego do domu.<\/p>\n\n\n\n<p class=\"wp-block-paragraph\">Oczywi\u015bcie pies tak szybko zmieni\u0142 do mnie postaw\u0119 gdy\u017c zobaczy\u0142 smycz moich r\u0119kach i liczy\u0142 na spacer. Dziewczyna stwierdzi\u0142a \u017ce skoro tak mnie polubi\u0142 to bardzo ch\u0119tni mi go sprezentuje bo w blokach ma z nim same problemy. I tak sta\u0142em si\u0119 w\u0142a\u015bcicielem Alpejskiego go\u0144czego kr\u00f3tkono\u017cnego.<\/p>\n\n\n\n<p class=\"wp-block-paragraph\">Niewiele jeszcze wtedy wiedzia\u0142em o pracy na zimnym tropie, otoku i ca\u0142ej sztuce poszukiwaniu postrza\u0142k\u00f3w, ale nawi\u0105za\u0142em znajomo\u015bci z kilkoma lud\u017ami w Niemczech kt\u00f3rzy bardzo mi pomogli w tej materii.<\/p>\n\n\n\n<p class=\"wp-block-paragraph\">Forest bo tak mia\u0142 na imi\u0119 polowa\u0142 ze mn\u0105 dwa lata poszukuj\u0105c postrza\u0142k\u00f3w i daj\u0105c bardzo wiele rado\u015bci. W jedn\u0105 z pa\u017adziernikowych pe\u0142ni strzeli\u0142em kapitalnego ody\u0144ca kt\u00f3ry po przyj\u0119ciu kuli wbieg\u0142 w wysokie trzcinowisko. Forest puszczony luzem bez problemu odnalaz\u0142 w\u0105satego Gargamela i szcz\u0119\u015bliwi wr\u00f3cili\u015bmy o drugiej w nocy do domu. By\u0142em tak rozgor\u0105czkowany \u017ce obudzi\u0142em moja \u017con\u0119 aby pochwali\u0107 si\u0119 trofeum. Oczywi\u015bcie przybieg\u0142a na podw\u00f3rko podziwia\u0107 czarnego zwierza. Co pomy\u015bla\u0142 wtedy Forest widz\u0105c w blasku ksi\u0119\u017cyca posta\u0107 ubran\u0105 w zwiewn\u0105 koszul\u0119 nocn\u0105 kt\u00f3r\u0105 \u017cona dosta\u0142a ode mnie w prezencie\u2026? To ju\u017c wiedzia\u0142 tylko on. W ka\u017cdym razie us\u0142ysza\u0142em znany mi w\u015bciek\u0142y charkot i d\u017awi\u0119k rozdzieranego materia\u0142u i kszyk mojej \u017cony. Z pi\u0119knej koszuli nocnej zosta\u0142a kusa koszulka a Forest trzyma\u0142 w kufie oddart\u0105 cz\u0119\u015b\u0107 i siedzia\u0142 na dziku machaj\u0105c ni\u0105 niczym flag\u0105 zwyci\u0119stwa.<\/p>\n\n\n\n<p class=\"wp-block-paragraph\">Pewnego dnia wraca\u0142 z moim ojcem ze spaceru na smyczy kiedy z posesji s\u0105siada wybieg\u0142y przez niedomkni\u0119t\u0105 bram\u0119 dwa owczarki kaukazkie. Sytuacja by\u0142a bardzo niebezpieczna bo psy momentalnie rzuci\u0142y si\u0119 na ojca. Forest nie stch\u00f3rzy\u0142 tylko odwa\u017cnie stan\u0105\u0142 do nier\u00f3wnej walki daj\u0105c ojcu czas na znalezienie w\u0142a\u015bciwego narz\u0119dzia do obrony. Niestety pies odszed\u0142 wieczorem na skutek odniesionych w walce ran. Broni\u0142 mojego ojca tak d\u0142ugo jak tylko starczy\u0142o mu si\u0142.<br>Przytaczaj\u0105c takie wydarzenia chcia\u0142bym zaznaczy\u0107 \u017ce na wielu konkursach za granicami naszego kraju pies kt\u00f3ry broni zgas\u0142ego zwierza zyskuje dodatkowe punkty na konkursach a AGK w wi\u0119kszo\u015bci by\u0142y w r\u0119kach my\u015bliwych. Nie dowodzi to \u017ce s\u0105 to psy agresywne ale o bardzo silnie rozwini\u0119tej pasji \u0142owieckiej czyli maj\u0105ce cechy najbardziej po\u017c\u0105dane z punktu widzenia \u0142owieckiej kynologii.<\/p>\n\n\n\n<p class=\"wp-block-paragraph\">Pisz\u0105c kolejn\u0105 prawdziw\u0105 opowie\u015b\u0107 o psach my\u015bliwskich nie chcia\u0142 bym faworyzowa\u0107 kt\u00f3rejkolwiek z ras ale popularyzowa\u0107 prac\u0119 i polowanie z psem my\u015bliwskim. Kt\u00f3ra rasa jest dobra , a kt\u00f3ra bardzo dobra \u2013 o tym musi zdecydowa\u0107 ka\u017cdy z nas. Wa\u017cne aby wybory te by\u0142y \u015bwiadome i wiedza na temat ps\u00f3w wysoka , wtedy r\u00f3wnie\u017c hodowcy b\u0119d\u0105 musieli podnosi\u0107 poprzeczk\u0119 . Ca\u0142y ten mechanizm b\u0119dzie powodowa\u0142 rozw\u00f3j bardzo dobrych hodowli i eliminacj\u0119 tych kt\u00f3re hodowlami mieni\u0107 si\u0119 nie mog\u0105. To cz\u0142owiek kt\u00f3ry kupuje psa my\u015bliwskiego musi mie\u0107 wystarczaj\u0105c\u0105 wiedz\u0119 aby wymaga\u0107 maksymalnie du\u017co a w p\u00f3\u017aniejszym czasie w\u0142a\u015bciwie prowadzi\u0107 psa my\u015bliwskiego.<\/p>\n\n\n\n<p class=\"wp-block-paragraph\"><em><strong>,,Bardzo dzi\u0119kuj\u0119 za udost\u0119pnienie zdj\u0119\u0107 Pani Joannie Kuchcie i Tomaszowi Jamce \u2013hodowc\u00f3w Alpejskich Go\u0144czych Kr\u00f3tkono\u017cnych\u201d<\/strong><\/em><\/p>\n\n\n\n<p class=\"wp-block-paragraph\"><a href=\"https:\/\/szkoleniepsowmysliwskich.pl\/wp-content\/uploads\/GL_201701_pelka.pdf\" target=\"_blank\" rel=\"noreferrer noopener\"><\/a><\/p>\n\n\n\n<div class=\"wp-block-file\"><a id=\"wp-block-file--media-f1e3ebb0-e0c1-4272-8a73-caaa7727b7a8\" href=\"http:\/\/wwwlolekkom.pl\/wp-content\/uploads\/2025\/12\/Dachsbracke-\u2013-Alpejski-Gonczy-Krotkonozny.pdf\">Dachsbracke \u2013 Alpejski Go\u0144czy Kr\u00f3tkono\u017cny<\/a><a href=\"http:\/\/wwwlolekkom.pl\/wp-content\/uploads\/2025\/12\/Dachsbracke-\u2013-Alpejski-Gonczy-Krotkonozny.pdf\" class=\"wp-block-file__button wp-element-button\" download aria-describedby=\"wp-block-file--media-f1e3ebb0-e0c1-4272-8a73-caaa7727b7a8\">Pobierz<\/a><\/div>\n","protected":false},"excerpt":{"rendered":"<p>Cho\u0107 dla wielu my\u015bliwych w Polsce nazwa rasy brzmi bardzo egzotycznie to patrz\u0105c na tego psa wydaje nam si\u0119 \u017ce wygl\u0105da bardzo swojsko i przyja\u017anie. Nie dajmy si\u0119 zmyli\u0107 pozorom \u2013 alpejczyk to wielki charakter w ma\u0142ym psie. Zapiski si\u0119gaj\u0105ce ubieg\u0142ego stulecia wspominaj\u0105 o psach zbli\u017conych wygl\u0105dem do Alpejczyk\u00f3w wi\u0119c rasa ta wywodz\u0105ca si\u0119 z&#8230;<\/p>\n","protected":false},"author":3,"featured_media":397,"comment_status":"closed","ping_status":"closed","sticky":false,"template":"","format":"standard","meta":{"two_page_speed":[],"footnotes":""},"categories":[11],"tags":[],"class_list":["post-396","post","type-post","status-publish","format-standard","has-post-thumbnail","hentry","category-rasy-psow"],"yoast_head":"<!-- This site is optimized with the Yoast SEO plugin v27.2 - https:\/\/yoast.com\/product\/yoast-seo-wordpress\/ -->\n<title>Dachsbracke \u2013 Alpejski Go\u0144czy Kr\u00f3tkono\u017cny - Charyzmat<\/title>\n<meta name=\"robots\" content=\"index, follow, max-snippet:-1, max-image-preview:large, max-video-preview:-1\" \/>\n<link rel=\"canonical\" href=\"https:\/\/wwwlolekkom.pl\/?p=396\" \/>\n<meta property=\"og:locale\" content=\"pl_PL\" \/>\n<meta property=\"og:type\" content=\"article\" \/>\n<meta property=\"og:title\" content=\"Dachsbracke \u2013 Alpejski Go\u0144czy Kr\u00f3tkono\u017cny - Charyzmat\" \/>\n<meta property=\"og:description\" content=\"Cho\u0107 dla wielu my\u015bliwych w Polsce nazwa rasy brzmi bardzo egzotycznie to patrz\u0105c na tego psa wydaje nam si\u0119 \u017ce wygl\u0105da bardzo swojsko i przyja\u017anie. Nie dajmy si\u0119 zmyli\u0107 pozorom \u2013 alpejczyk to wielki charakter w ma\u0142ym psie. Zapiski si\u0119gaj\u0105ce ubieg\u0142ego stulecia wspominaj\u0105 o psach zbli\u017conych wygl\u0105dem do Alpejczyk\u00f3w wi\u0119c rasa ta wywodz\u0105ca si\u0119 z...\" \/>\n<meta property=\"og:url\" content=\"https:\/\/wwwlolekkom.pl\/?p=396\" \/>\n<meta property=\"og:site_name\" content=\"Charyzmat\" \/>\n<meta property=\"article:published_time\" content=\"2025-12-10T22:40:41+00:00\" \/>\n<meta property=\"article:modified_time\" content=\"2025-12-12T22:53:41+00:00\" \/>\n<meta property=\"og:image\" content=\"https:\/\/wwwlolekkom.pl\/wp-content\/uploads\/2025\/12\/Dachsbracke-\u2013-Alpejski-Gonczy-Krotkonozny.jpg\" \/>\n\t<meta property=\"og:image:width\" content=\"1000\" \/>\n\t<meta property=\"og:image:height\" content=\"647\" \/>\n\t<meta property=\"og:image:type\" content=\"image\/jpeg\" \/>\n<meta name=\"author\" content=\"Jaros\u0142aw Pe\u0142ka\" \/>\n<meta name=\"twitter:card\" content=\"summary_large_image\" \/>\n<meta name=\"twitter:label1\" content=\"Napisane przez\" \/>\n\t<meta name=\"twitter:data1\" content=\"Jaros\u0142aw Pe\u0142ka\" \/>\n\t<meta name=\"twitter:label2\" content=\"Szacowany czas czytania\" \/>\n\t<meta name=\"twitter:data2\" content=\"8 minut\" \/>\n<script type=\"application\/ld+json\" class=\"yoast-schema-graph\">{\"@context\":\"https:\/\/schema.org\",\"@graph\":[{\"@type\":\"Article\",\"@id\":\"https:\/\/wwwlolekkom.pl\/?p=396#article\",\"isPartOf\":{\"@id\":\"https:\/\/wwwlolekkom.pl\/?p=396\"},\"author\":{\"name\":\"Jaros\u0142aw Pe\u0142ka\",\"@id\":\"https:\/\/wwwlolekkom.pl\/#\/schema\/person\/c2c23d93a4eaee3128eb6f6a9ddb7927\"},\"headline\":\"Dachsbracke \u2013 Alpejski Go\u0144czy Kr\u00f3tkono\u017cny\",\"datePublished\":\"2025-12-10T22:40:41+00:00\",\"dateModified\":\"2025-12-12T22:53:41+00:00\",\"mainEntityOfPage\":{\"@id\":\"https:\/\/wwwlolekkom.pl\/?p=396\"},\"wordCount\":1472,\"publisher\":{\"@id\":\"https:\/\/wwwlolekkom.pl\/#organization\"},\"image\":{\"@id\":\"https:\/\/wwwlolekkom.pl\/?p=396#primaryimage\"},\"thumbnailUrl\":\"https:\/\/wwwlolekkom.pl\/wp-content\/uploads\/2025\/12\/Dachsbracke-\u2013-Alpejski-Gonczy-Krotkonozny.jpg\",\"articleSection\":[\"Rasy ps\u00f3w\"],\"inLanguage\":\"pl-PL\"},{\"@type\":\"WebPage\",\"@id\":\"https:\/\/wwwlolekkom.pl\/?p=396\",\"url\":\"https:\/\/wwwlolekkom.pl\/?p=396\",\"name\":\"Dachsbracke \u2013 Alpejski Go\u0144czy Kr\u00f3tkono\u017cny - Charyzmat\",\"isPartOf\":{\"@id\":\"https:\/\/wwwlolekkom.pl\/#website\"},\"primaryImageOfPage\":{\"@id\":\"https:\/\/wwwlolekkom.pl\/?p=396#primaryimage\"},\"image\":{\"@id\":\"https:\/\/wwwlolekkom.pl\/?p=396#primaryimage\"},\"thumbnailUrl\":\"https:\/\/wwwlolekkom.pl\/wp-content\/uploads\/2025\/12\/Dachsbracke-\u2013-Alpejski-Gonczy-Krotkonozny.jpg\",\"datePublished\":\"2025-12-10T22:40:41+00:00\",\"dateModified\":\"2025-12-12T22:53:41+00:00\",\"breadcrumb\":{\"@id\":\"https:\/\/wwwlolekkom.pl\/?p=396#breadcrumb\"},\"inLanguage\":\"pl-PL\",\"potentialAction\":[{\"@type\":\"ReadAction\",\"target\":[\"https:\/\/wwwlolekkom.pl\/?p=396\"]}]},{\"@type\":\"ImageObject\",\"inLanguage\":\"pl-PL\",\"@id\":\"https:\/\/wwwlolekkom.pl\/?p=396#primaryimage\",\"url\":\"https:\/\/wwwlolekkom.pl\/wp-content\/uploads\/2025\/12\/Dachsbracke-\u2013-Alpejski-Gonczy-Krotkonozny.jpg\",\"contentUrl\":\"https:\/\/wwwlolekkom.pl\/wp-content\/uploads\/2025\/12\/Dachsbracke-\u2013-Alpejski-Gonczy-Krotkonozny.jpg\",\"width\":1000,\"height\":647},{\"@type\":\"BreadcrumbList\",\"@id\":\"https:\/\/wwwlolekkom.pl\/?p=396#breadcrumb\",\"itemListElement\":[{\"@type\":\"ListItem\",\"position\":1,\"name\":\"Strona g\u0142\u00f3wna\",\"item\":\"https:\/\/wwwlolekkom.pl\/\"},{\"@type\":\"ListItem\",\"position\":2,\"name\":\"Dachsbracke \u2013 Alpejski Go\u0144czy Kr\u00f3tkono\u017cny\"}]},{\"@type\":\"WebSite\",\"@id\":\"https:\/\/wwwlolekkom.pl\/#website\",\"url\":\"https:\/\/wwwlolekkom.pl\/\",\"name\":\"Charyzmat\",\"description\":\"szkolenie ps\u00f3w my\u015bliwskich\",\"publisher\":{\"@id\":\"https:\/\/wwwlolekkom.pl\/#organization\"},\"potentialAction\":[{\"@type\":\"SearchAction\",\"target\":{\"@type\":\"EntryPoint\",\"urlTemplate\":\"https:\/\/wwwlolekkom.pl\/?s={search_term_string}\"},\"query-input\":{\"@type\":\"PropertyValueSpecification\",\"valueRequired\":true,\"valueName\":\"search_term_string\"}}],\"inLanguage\":\"pl-PL\"},{\"@type\":\"Organization\",\"@id\":\"https:\/\/wwwlolekkom.pl\/#organization\",\"name\":\"Charyzmat\",\"url\":\"https:\/\/wwwlolekkom.pl\/\",\"logo\":{\"@type\":\"ImageObject\",\"inLanguage\":\"pl-PL\",\"@id\":\"https:\/\/wwwlolekkom.pl\/#\/schema\/logo\/image\/\",\"url\":\"https:\/\/wwwlolekkom.pl\/wp-content\/uploads\/2025\/12\/Charyzmat.jpg\",\"contentUrl\":\"https:\/\/wwwlolekkom.pl\/wp-content\/uploads\/2025\/12\/Charyzmat.jpg\",\"width\":1000,\"height\":1000,\"caption\":\"Charyzmat\"},\"image\":{\"@id\":\"https:\/\/wwwlolekkom.pl\/#\/schema\/logo\/image\/\"}},{\"@type\":\"Person\",\"@id\":\"https:\/\/wwwlolekkom.pl\/#\/schema\/person\/c2c23d93a4eaee3128eb6f6a9ddb7927\",\"name\":\"Jaros\u0142aw Pe\u0142ka\",\"image\":{\"@type\":\"ImageObject\",\"inLanguage\":\"pl-PL\",\"@id\":\"https:\/\/secure.gravatar.com\/avatar\/e8f40adebedc0a528ec19300c51dbcf02e7832a66b984797223a5c6a3ac1b9c6?s=96&d=mm&r=g\",\"url\":\"https:\/\/secure.gravatar.com\/avatar\/e8f40adebedc0a528ec19300c51dbcf02e7832a66b984797223a5c6a3ac1b9c6?s=96&d=mm&r=g\",\"contentUrl\":\"https:\/\/secure.gravatar.com\/avatar\/e8f40adebedc0a528ec19300c51dbcf02e7832a66b984797223a5c6a3ac1b9c6?s=96&d=mm&r=g\",\"caption\":\"Jaros\u0142aw Pe\u0142ka\"},\"description\":\"autor\",\"url\":\"https:\/\/wwwlolekkom.pl\/?author=3\"}]}<\/script>\n<!-- \/ Yoast SEO plugin. -->","yoast_head_json":{"title":"Dachsbracke \u2013 Alpejski Go\u0144czy Kr\u00f3tkono\u017cny - Charyzmat","robots":{"index":"index","follow":"follow","max-snippet":"max-snippet:-1","max-image-preview":"max-image-preview:large","max-video-preview":"max-video-preview:-1"},"canonical":"https:\/\/wwwlolekkom.pl\/?p=396","og_locale":"pl_PL","og_type":"article","og_title":"Dachsbracke \u2013 Alpejski Go\u0144czy Kr\u00f3tkono\u017cny - Charyzmat","og_description":"Cho\u0107 dla wielu my\u015bliwych w Polsce nazwa rasy brzmi bardzo egzotycznie to patrz\u0105c na tego psa wydaje nam si\u0119 \u017ce wygl\u0105da bardzo swojsko i przyja\u017anie. Nie dajmy si\u0119 zmyli\u0107 pozorom \u2013 alpejczyk to wielki charakter w ma\u0142ym psie. Zapiski si\u0119gaj\u0105ce ubieg\u0142ego stulecia wspominaj\u0105 o psach zbli\u017conych wygl\u0105dem do Alpejczyk\u00f3w wi\u0119c rasa ta wywodz\u0105ca si\u0119 z...","og_url":"https:\/\/wwwlolekkom.pl\/?p=396","og_site_name":"Charyzmat","article_published_time":"2025-12-10T22:40:41+00:00","article_modified_time":"2025-12-12T22:53:41+00:00","og_image":[{"width":1000,"height":647,"url":"https:\/\/wwwlolekkom.pl\/wp-content\/uploads\/2025\/12\/Dachsbracke-\u2013-Alpejski-Gonczy-Krotkonozny.jpg","type":"image\/jpeg"}],"author":"Jaros\u0142aw Pe\u0142ka","twitter_card":"summary_large_image","twitter_misc":{"Napisane przez":"Jaros\u0142aw Pe\u0142ka","Szacowany czas czytania":"8 minut"},"schema":{"@context":"https:\/\/schema.org","@graph":[{"@type":"Article","@id":"https:\/\/wwwlolekkom.pl\/?p=396#article","isPartOf":{"@id":"https:\/\/wwwlolekkom.pl\/?p=396"},"author":{"name":"Jaros\u0142aw Pe\u0142ka","@id":"https:\/\/wwwlolekkom.pl\/#\/schema\/person\/c2c23d93a4eaee3128eb6f6a9ddb7927"},"headline":"Dachsbracke \u2013 Alpejski Go\u0144czy Kr\u00f3tkono\u017cny","datePublished":"2025-12-10T22:40:41+00:00","dateModified":"2025-12-12T22:53:41+00:00","mainEntityOfPage":{"@id":"https:\/\/wwwlolekkom.pl\/?p=396"},"wordCount":1472,"publisher":{"@id":"https:\/\/wwwlolekkom.pl\/#organization"},"image":{"@id":"https:\/\/wwwlolekkom.pl\/?p=396#primaryimage"},"thumbnailUrl":"https:\/\/wwwlolekkom.pl\/wp-content\/uploads\/2025\/12\/Dachsbracke-\u2013-Alpejski-Gonczy-Krotkonozny.jpg","articleSection":["Rasy ps\u00f3w"],"inLanguage":"pl-PL"},{"@type":"WebPage","@id":"https:\/\/wwwlolekkom.pl\/?p=396","url":"https:\/\/wwwlolekkom.pl\/?p=396","name":"Dachsbracke \u2013 Alpejski Go\u0144czy Kr\u00f3tkono\u017cny - Charyzmat","isPartOf":{"@id":"https:\/\/wwwlolekkom.pl\/#website"},"primaryImageOfPage":{"@id":"https:\/\/wwwlolekkom.pl\/?p=396#primaryimage"},"image":{"@id":"https:\/\/wwwlolekkom.pl\/?p=396#primaryimage"},"thumbnailUrl":"https:\/\/wwwlolekkom.pl\/wp-content\/uploads\/2025\/12\/Dachsbracke-\u2013-Alpejski-Gonczy-Krotkonozny.jpg","datePublished":"2025-12-10T22:40:41+00:00","dateModified":"2025-12-12T22:53:41+00:00","breadcrumb":{"@id":"https:\/\/wwwlolekkom.pl\/?p=396#breadcrumb"},"inLanguage":"pl-PL","potentialAction":[{"@type":"ReadAction","target":["https:\/\/wwwlolekkom.pl\/?p=396"]}]},{"@type":"ImageObject","inLanguage":"pl-PL","@id":"https:\/\/wwwlolekkom.pl\/?p=396#primaryimage","url":"https:\/\/wwwlolekkom.pl\/wp-content\/uploads\/2025\/12\/Dachsbracke-\u2013-Alpejski-Gonczy-Krotkonozny.jpg","contentUrl":"https:\/\/wwwlolekkom.pl\/wp-content\/uploads\/2025\/12\/Dachsbracke-\u2013-Alpejski-Gonczy-Krotkonozny.jpg","width":1000,"height":647},{"@type":"BreadcrumbList","@id":"https:\/\/wwwlolekkom.pl\/?p=396#breadcrumb","itemListElement":[{"@type":"ListItem","position":1,"name":"Strona g\u0142\u00f3wna","item":"https:\/\/wwwlolekkom.pl\/"},{"@type":"ListItem","position":2,"name":"Dachsbracke \u2013 Alpejski Go\u0144czy Kr\u00f3tkono\u017cny"}]},{"@type":"WebSite","@id":"https:\/\/wwwlolekkom.pl\/#website","url":"https:\/\/wwwlolekkom.pl\/","name":"Charyzmat","description":"szkolenie ps\u00f3w my\u015bliwskich","publisher":{"@id":"https:\/\/wwwlolekkom.pl\/#organization"},"potentialAction":[{"@type":"SearchAction","target":{"@type":"EntryPoint","urlTemplate":"https:\/\/wwwlolekkom.pl\/?s={search_term_string}"},"query-input":{"@type":"PropertyValueSpecification","valueRequired":true,"valueName":"search_term_string"}}],"inLanguage":"pl-PL"},{"@type":"Organization","@id":"https:\/\/wwwlolekkom.pl\/#organization","name":"Charyzmat","url":"https:\/\/wwwlolekkom.pl\/","logo":{"@type":"ImageObject","inLanguage":"pl-PL","@id":"https:\/\/wwwlolekkom.pl\/#\/schema\/logo\/image\/","url":"https:\/\/wwwlolekkom.pl\/wp-content\/uploads\/2025\/12\/Charyzmat.jpg","contentUrl":"https:\/\/wwwlolekkom.pl\/wp-content\/uploads\/2025\/12\/Charyzmat.jpg","width":1000,"height":1000,"caption":"Charyzmat"},"image":{"@id":"https:\/\/wwwlolekkom.pl\/#\/schema\/logo\/image\/"}},{"@type":"Person","@id":"https:\/\/wwwlolekkom.pl\/#\/schema\/person\/c2c23d93a4eaee3128eb6f6a9ddb7927","name":"Jaros\u0142aw Pe\u0142ka","image":{"@type":"ImageObject","inLanguage":"pl-PL","@id":"https:\/\/secure.gravatar.com\/avatar\/e8f40adebedc0a528ec19300c51dbcf02e7832a66b984797223a5c6a3ac1b9c6?s=96&d=mm&r=g","url":"https:\/\/secure.gravatar.com\/avatar\/e8f40adebedc0a528ec19300c51dbcf02e7832a66b984797223a5c6a3ac1b9c6?s=96&d=mm&r=g","contentUrl":"https:\/\/secure.gravatar.com\/avatar\/e8f40adebedc0a528ec19300c51dbcf02e7832a66b984797223a5c6a3ac1b9c6?s=96&d=mm&r=g","caption":"Jaros\u0142aw Pe\u0142ka"},"description":"autor","url":"https:\/\/wwwlolekkom.pl\/?author=3"}]}},"_links":{"self":[{"href":"https:\/\/wwwlolekkom.pl\/index.php?rest_route=\/wp\/v2\/posts\/396","targetHints":{"allow":["GET"]}}],"collection":[{"href":"https:\/\/wwwlolekkom.pl\/index.php?rest_route=\/wp\/v2\/posts"}],"about":[{"href":"https:\/\/wwwlolekkom.pl\/index.php?rest_route=\/wp\/v2\/types\/post"}],"author":[{"embeddable":true,"href":"https:\/\/wwwlolekkom.pl\/index.php?rest_route=\/wp\/v2\/users\/3"}],"replies":[{"embeddable":true,"href":"https:\/\/wwwlolekkom.pl\/index.php?rest_route=%2Fwp%2Fv2%2Fcomments&post=396"}],"version-history":[{"count":1,"href":"https:\/\/wwwlolekkom.pl\/index.php?rest_route=\/wp\/v2\/posts\/396\/revisions"}],"predecessor-version":[{"id":399,"href":"https:\/\/wwwlolekkom.pl\/index.php?rest_route=\/wp\/v2\/posts\/396\/revisions\/399"}],"wp:featuredmedia":[{"embeddable":true,"href":"https:\/\/wwwlolekkom.pl\/index.php?rest_route=\/wp\/v2\/media\/397"}],"wp:attachment":[{"href":"https:\/\/wwwlolekkom.pl\/index.php?rest_route=%2Fwp%2Fv2%2Fmedia&parent=396"}],"wp:term":[{"taxonomy":"category","embeddable":true,"href":"https:\/\/wwwlolekkom.pl\/index.php?rest_route=%2Fwp%2Fv2%2Fcategories&post=396"},{"taxonomy":"post_tag","embeddable":true,"href":"https:\/\/wwwlolekkom.pl\/index.php?rest_route=%2Fwp%2Fv2%2Ftags&post=396"}],"curies":[{"name":"wp","href":"https:\/\/api.w.org\/{rel}","templated":true}]}}