{"id":301,"date":"2025-12-10T22:59:54","date_gmt":"2025-12-10T21:59:54","guid":{"rendered":"http:\/\/wwwlolekkom.pl\/?p=301"},"modified":"2025-12-12T23:52:11","modified_gmt":"2025-12-12T22:52:11","slug":"pies-zimowa-pora","status":"publish","type":"post","link":"https:\/\/wwwlolekkom.pl\/?p=301","title":{"rendered":"Pies zimow\u0105 por\u0105"},"content":{"rendered":"\n<p class=\"wp-block-paragraph\">Oczywi\u015bcie musimy sobie zda\u0107 spraw\u0119, \u017ce problem zimowej aury dotyczy nie tylko ps\u00f3w kt\u00f3re przebywaj\u0105 na zewn\u0105trz w kojcach i budach, ale tak\u017ce tych, kt\u00f3re mieszkaj\u0105 w domach z nami. Przyjrzyjmy si\u0119 zatem najwa\u017cniejszym kwestiom zwi\u0105zanym z zabezpieczeniem naszych pupili w ch\u0142odne dni&nbsp; zaczynaj\u0105c od ps\u00f3w domowych. Po wielu latach pracy z psami i obserwacji ich zachowa\u0144 nie boj\u0119 si\u0119 postawi\u0107 tezy, \u017ce \u015bmia\u0142o mo\u017cna podzieli\u0107 psy na takie, kt\u00f3re marzn\u0105 przera\u017aliwie i \u017ale znosz\u0105 niskie temperatury oraz takie, kt\u00f3re czuj\u0105 si\u0119 doskonale, kiedy mr\u00f3z panoszy si\u0119 na \u015bwiecie. Nale\u017cy tutaj zwr\u00f3ci\u0107 uwag\u0119 na to, jakiego posiadamy psa, jakie on ma futro, jak si\u0119 zachowuje, kiedy zabieramy go na spacer itd. W tek\u015bcie postaram si\u0119 jednak zwr\u00f3ci\u0107 uwag\u0119 na&nbsp; uniwersalne kwestie dotycz\u0105ce niemal wszystkich ps\u00f3w.<\/p>\n\n\n\n<p class=\"wp-block-paragraph\">Jest mu zimno!<br>Najbardziej szkodzi psom r\u00f3\u017cnica temperatur pomi\u0119dzy naszym mieszkaniem, a tym co zastaniemy na zewn\u0105trz.&nbsp; I szczerze m\u00f3wi\u0105c, niewiele jeste\u015bmy w stanie zrobi\u0107 w tej materii. Nie ka\u017cdego psa b\u0119dziemy ubiera\u0107 przecie\u017c w kolorowe kurteczki i sweterki, poniewa\u017c na niekt\u00f3rych rasachwyg wygl\u0105da\u0142yby kuriozalnie. Ale na pewno zadbajmy o to, aby zabrany na zimowy spacer czworon\u00f3g mia\u0142 dostatecznie du\u017co ruchu, by si\u0119 rozgrza\u0142. Pies zabrany z ciep\u0142ego mieszkania i prowadzony na smyczy, kiedy idziemy bardzo wolnym krokiem, b\u0119dzie bardzo cz\u0119sto marz\u0142. A czasem jeszcze zadzwoni do nas kolega lub kole\u017canka, przysi\u0105dziemy na \u0142awce w parku, a biedna psina, trz\u0119sie si\u0119 jak galareta przy naszych nogach\u2026 To niedopuszczalne! Patrzmy wi\u0119c na \u015bwiat oczami zwierz\u0119cia i jego potrzebami. \u0141apy pod ochron\u0105 Kolejna kwestia dotyczy psich \u0142ap. My chodzimy w bezpiecznym zimowym obuwiu i ciep\u0142ych skarpetach, kt\u00f3re dodatkowo zabezpieczaj\u0105 nas termicznie. Natomiast psy, szczeg\u00f3lnie w du\u017cych miastach, s\u0105 nara\u017cone na kontakt z zimnym asfaltem i betonem. Oczywi\u015bcie zdrowy pies to pies odporny. Ale niestety zim\u0105 chodniki i drogi bardzo cz\u0119sto posypywane s\u0105 sol\u0105 w r\u00f3\u017cnej formie i st\u0119\u017ceniu. Ta w\u0142a\u015bnie s\u00f3l mo\u017ce powodowa\u0107 p\u0119kanie opuszek na psich \u0142apach i b\u00f3l przy ka\u017cdym kroku. Nie namawiam tutaj absolutnie do kupowania but\u00f3w dla ps\u00f3w, ale do tego, aby\u015bmy cz\u0119\u015bciej ni\u017c latem po prostu myli bardzo dok\u0142adnie psie \u0142apy czyst\u0105 wod\u0105 bez dodatku myd\u0142a, kt\u00f3re r\u00f3wnie dobrze jak s\u00f3l bardzo cz\u0119sto nadmiernie wysusza sk\u00f3r\u0119 na \u0142apach naszych pupili.Uwaga, oblodzenie! Niekt\u00f3re rasy ps\u00f3w z okryw\u0105 szorstkow\u0142os\u0105&nbsp; mog\u0105 mie\u0107 problemy podobne do samolot\u00f3w na du\u017cych wysoko\u015bciach. Mam na my\u015bli oblodzenie. W samolocie dzia\u0142aj\u0105 specjalne systemy, aby maszyna po prostu nie zamarz\u0142a, pies bardzo cz\u0119sto potrzebuje pomocy. Pomi\u0119dzy jego palcami zbieraj\u0105 si\u0119 kryszta\u0142ki lodu, kt\u00f3re o d\u0142ugim spacerze w \u015bniegu cz\u0119sto uniemo\u017cliwiaj\u0105 poruszanie si\u0119. Znowu musimy si\u0119 pochyli\u0107 i je po prostu usun\u0105\u0107. Zdarza si\u0119 to jamnikom szorstkow\u0142osym, terierom czy nawet spanielom.<\/p>\n\n\n\n<p class=\"wp-block-paragraph\">Kiedy ju\u017c nasza psina mocno zmarznie, czasem nawet zmoknie albo wlezie do napotkanej rzeki czy innego bajora, warto go mocno natrze\u0107 jeszcze w terenie. Oczywi\u015bcie cz\u0119sto zdarza si\u0119, \u017ce nie mamy czym, bo nie zabrali\u015bmy z samochodu czy z domu r\u0119cznika. W terenie radzimy sobie tym, co mamy dost\u0119pne. A wi\u0119c rwiemy suche trawy, mchy, li\u015bcie, trzcin\u0119 i tego typu ro\u015bliny, nast\u0119pnie robimy z tego poka\u017any pakunek\u2013pacynk\u0119, przywo\u0142ujemy psiaka i nacieramy z ca\u0142ej si\u0142y. Szczerze m\u00f3wi\u0105c, nie widzia\u0142em jeszcze psa, kt\u00f3ry by tego nie lubi\u0142. Wi\u0119kszo\u015b\u0107 &nbsp;traktuje to jak doskona\u0142\u0105 zabaw\u0119, ale nasz cel jest powa\u017cniejszy. Kiedy b\u0119dziemy to robi\u0107 regularnie i cz\u0119sto, wi\u0119kszo\u015b\u0107 ps\u00f3w zrozumie, \u017ce jest to bardzo przyjemne i po wyj\u015bciu z zimnej wody b\u0119dzie szuka\u0142o suchej ro\u015blinno\u015bci oraz samodzielnie wyciera\u0142o si\u0119, po prostu tarzaj\u0105c si\u0119 w trawie. Niekt\u00f3re psy robi\u0105 to bezwiednie, ale wiele trzeba tego uczy\u0107 we wcze\u015bniej opisany spos\u00f3b. Nacieranie nie tylko osusza sier\u015b\u0107, ale przede wszystkim poprawia kr\u0105\u017cenie krwi i w konsekwencji rozgrzewa. Kiedy wr\u00f3cimy do domu, oczywi\u015bcie powtarzamy wycieranie r\u0119cznikiem i szczeg\u00f3lnie m\u0105 dbamy o futro ps\u00f3w z d\u0142u\u017csz\u0105 sier\u015bci\u0105. Czeszemy je cz\u0119\u015bciej, aby okrywa w\u0142osowa by\u0142a w dobrej kondycji, poniewa\u017c to zapewni psu komfort termiczny.<\/p>\n\n\n\n<p class=\"wp-block-paragraph\">Odpowiednia dieta<br>Wspomnie\u0107 nale\u017cy tak\u017ce o diecie na zim\u0119. Psy chude, nieposiadaj\u0105ce tkanki t\u0142uszczowej pod sk\u00f3r\u0105, powinny jada\u0107 wi\u0119cej i bardziej t\u0142usto. Pami\u0119tajmy tak\u017ce o wodzie. Psy zim\u0105 pij\u0105 tak samo du\u017co jak latem, musz\u0105 mie\u0107 zatem zawsze pe\u0142n\u0105 miseczk\u0119 z wod\u0105. Starajmy si\u0119 w zimie ps\u00f3w nie przegrzewa\u0107 w mieszkaniach, ich legowiska nie powinny znajdowa\u0107 si\u0119 blisko kaloryfer\u00f3w. Cz\u0119sto w omach mamy ogrzewanie pod\u0142ogowe, kt\u00f3re daje wysok\u0105 temperatur\u0119 w\u0142a\u015bnie przy pod\u0142odze. Zwr\u00f3\u0107my na to uwag\u0119, aby pies nie by\u0142 permanentnie nara\u017cony na ciep\u0142o z pod\u0142ogi i m\u00f3g\u0142 sobie znale\u017a\u0107 ch\u0142odniejszy k\u0105t w domu.<\/p>\n\n\n\n<p class=\"wp-block-paragraph\">Kojce i budy<br>A psy mieszkaj\u0105ce w kojcach? W ich przypadku zima r\u00f3wnie\u017c zmusza nas do kilku czynno\u015bci, kt\u00f3re wykona\u0107 musimy, kiedy nadejd\u0105 mrozy. Zanim jednak to nast\u0105pi, przyjrzyjmy si\u0119, jak mieszka nasz przyjaciel, i czy w og\u00f3le mamy mo\u017cliwo\u015b\u0107 jakiejkolwiek zmiany. Tak naprawd\u0119 powinni\u015bmy o tym my\u015ble\u0107, planuj\u0105c budow\u0119 kojca. Ale c\u00f3\u017c, podobno na zmiany nigdy nie jest za p\u00f3\u017ano. Po pierwsze zwr\u00f3\u0107my uwag\u0119 na lokalizacj\u0119 kojca z punktu widzenia kierunku wiatru i s\u0142o\u0144ca. By\u0142oby idealnie,aby s\u0142o\u0144ce w zimie mog\u0142o o\u015bwietla\u0107 jak\u0105\u015b cz\u0119\u015b\u0107 kojca, a od strony sk\u0105d najcz\u0119\u015bciej wieje wiatr, by\u0142a jaka\u015b os\u0142ona. Psy podobnie jak ludzie nie lubi\u0105 przeci\u0105g\u00f3w i lubi\u0105 wygrzewa\u0107 si\u0119 w s\u0142o\u0144cu. Druga sprawa to buda. O wiele wa\u017cniejsza od ocieplenia \u015bcian jest wielko\u015b\u0107 budy. Ot\u00f3\u017c nie mo\u017ce ona by\u0107 ani za du\u017ca, ani za ma\u0142a. To samo dotyczy otworu wej\u015bciowego. Bardzo cz\u0119sto ludzie robi\u0105 dwa b\u0142\u0119dy. Kupuj\u0105 za du\u017c\u0105 bud\u0119 o bardzo ocieplonych \u015bcianach i ze zbyt du\u017cym otworem wej\u015bciowym, kt\u00f3r\u0119dy ucieka 90% ciep\u0142a, jakie wytwarza pies. Kiedy ju\u017c mamy bud\u0119, nie zmniejszymy jej, ale kiedy spadnie temperatura, warto zawiesi\u0107 nad wej\u015bciem do psiego domku kurtyn\u0119. Zatrzyma ona ciep\u0142o wewn\u0105trz i pozwoli psu na spokojne sny. Mo\u017cemy j\u0105 wykona\u0107 np. z jutowego worka obci\u0105\u017conego odrobin\u0105 piasku. Proste i praktyczne. Aby psu by\u0142o ciep\u0142o od spodu, warto te\u017c zadba\u0107 o to, na czym \u015bpi. Zim\u0105 nie mo\u017ce spa\u0107 na go\u0142ych deskach. Wszelkiego rodzaju wy\u015bci\u00f3\u0142ki w postaci materacy pr\u0119dzej czy p\u00f3\u017aniej zostan\u0105 podarte na strz\u0119py przez ka\u017cdego normalnego psa. Tak po prostu. A jedyn\u0105 \u201ekorzy\u015bci\u0105\u201d niestety b\u0119dzie to, \u017ce pies\u2026 polubi gryzienie ubra\u0144 i but\u00f3w. Dlatego warto wy\u015bciela\u0107 bud\u0119 suchym sianem lub s\u0142om\u0105. Nie chc\u0119 ju\u017c pisa\u0107 o regularnym sprz\u0105taniu w kojcu, bo to wydaje si\u0119 oczywiste. Podobnie jak psy mieszkaj\u0105ce w domu, tak psy mieszkaj\u0105ce w kojcach musz\u0105 by\u0107 z nich wypuszczane conajmniej raz, dwa razy dziennie, aby mog\u0142y swobodnie biega\u0107. Wtedy si\u0119 rozgrzewaj\u0105,poprawiaj\u0105 prac\u0119 swojego uk\u0142adu pokarmowego i po prostu s\u0105 szcz\u0119\u015bliwe. A to najlepsze lekarstwo na ka\u017cd\u0105 pogod\u0119. Jeszcze wspomn\u0119 o \u015bwie\u017cej wodzie w misce. Niestety cz\u0119sto po mro\u017anej nocy woda w misce zamarza, dlatego codziennie nale\u017cy j\u0105 uzupe\u0142nia\u0107. Ja rozwi\u0105zuj\u0119 to w ten spos\u00f3b, \u017ce mam dwie miski na jeden kojec. Je\u015bli woda zamarza, zabieram misk\u0119 do gara\u017cu i wstawiam now\u0105, kt\u00f3r\u0105 nape\u0142niam wod\u0105. Ta z lodem l\u0105duje w gara\u017cu \u2013 na drugi dzie\u0144 zmiana. I dzia\u0142a to fajnie.<\/p>\n\n\n\n<p class=\"wp-block-paragraph\">Zgodnie z natur\u0105.<br>Kiedy by\u0142em ma\u0142ym ch\u0142opcem, zimy by\u0142y d\u0142ugie i \u015bnie\u017cne. Temperatury cz\u0119sto spada\u0142y poni\u017cej \u201320 OC. Rekordowe mrozy, jakie pami\u0119tam to \u201342 OC. Cieszy\u0142em si\u0119, bo zaraz zamykali szko\u0142\u0119 i mia\u0142em lab\u0119. Nasze psy mieszka\u0142y w kojcach i nie dzia\u0142a im si\u0119 krzywda. Ciekawie zachowywa\u0142 si\u0119 m\u00f3j pierwszy posokowiec hanowerski. Kiedy temperatury spada\u0142y poni\u017cej \u201310 OC, wiesza\u0142em kurtyn\u0119 na jego budzie. I wszystko by\u0142o w porz\u0105dku do momentu, kiedy temperatura niewzros\u0142a w okolic\u0119 zera. Wtedy natychmiast j\u0105 zrywa\u0142 z\u0119bami, bo by\u0142o mu za ciep\u0142o. Dzi\u015b dla ludzi mieszkaj\u0105cych w du\u017cych miastach wydaje si\u0119 to barbarzy\u0144stwem.<br>Ale kiedy\u015b, kilka lat temu, po strasznej k\u0142\u00f3tni z moim ojcem na temat wychowywania psa w domu, postanowi\u0142em sprawdzi\u0107, jak to jest spa\u0107 w kojcu. M\u00f3j ojciec by\u0142 strasznie przeciwny temu, \u017ce w moim domu mieszka\u0142 jamnik i posokowiec. Uwa\u017ca\u0142, \u017ce marnuj\u0119 ich potencja\u0142. Wi\u0119c wieczorem, ku uciesze mojej \u017cony i c\u00f3rki, wysprz\u0105ta\u0142em generalnie jeden z kojc\u00f3w, zabra\u0142em m\u00f3j stary \u015bpiw\u00f3r i poszed\u0142em spa\u0107 do kojca. By\u0142 prze\u0142om sierpnia i wrze\u015bnia. Noc by\u0142a bardzo pogodna, niezbyt ch\u0142odna. Oczywi\u015bcie nie mog\u0142em zasn\u0105\u0107. Do moich uszu dobiega\u0142y wszystkie d\u017awi\u0119ki nocy. Czu\u0142em zapachy, jakie mnie otacza\u0142y. Wtedy uzmys\u0142owi\u0142em sobie, \u017ce ojciec ma racj\u0119. Zabieraj\u0105c psa do domu, zabieramy mu to, co pozwala mu pozosta\u0107 psem. Jego wyostrzone zmys\u0142y, czujno\u015b\u0107 i dzik\u0105 natur\u0119 nakazuj\u0105c\u0105 polowa\u0107. Dzi\u015b po wielu latach zrozumia\u0142em to bardzo dok\u0142adnie. Podsumowuj\u0105c, oboj\u0119tnie, czy pies mieszka w domu, czy w kojcu. Musimy zagwarantowa\u0107 mu du\u017c\u0105 dawk\u0119 ruchu, w\u0142a\u015bciw\u0105 higien\u0119 i po\u017cywienie, nie zapominaj\u0105c o wodzie. Wtedy mamy szans\u0119 na to, \u017ce wsp\u00f3lnie ze swoim czworono\u017cnym druhem w dobrym zdrowiu us\u0142yszymy znowu \u015bpiew skowronka i poczujemy ciep\u0142e promienie wiosennego s\u0142o\u0144ca.<\/p>\n\n\n\n<p class=\"wp-block-paragraph\"><a href=\"https:\/\/szkoleniepsowmysliwskich.pl\/wp-content\/uploads\/GL_201806_Pelka.pdf\" target=\"_blank\" rel=\"noreferrer noopener\"><\/a><\/p>\n\n\n\n<div class=\"wp-block-file\"><a id=\"wp-block-file--media-529c567f-6b55-49c2-ad7b-3b1ded636905\" href=\"http:\/\/wwwlolekkom.pl\/wp-content\/uploads\/2025\/12\/Pies-zimowa-pora.pdf\">Pies zimow\u0105 por\u0105<\/a><a href=\"http:\/\/wwwlolekkom.pl\/wp-content\/uploads\/2025\/12\/Pies-zimowa-pora.pdf\" class=\"wp-block-file__button wp-element-button\" download aria-describedby=\"wp-block-file--media-529c567f-6b55-49c2-ad7b-3b1ded636905\">Pobierz<\/a><\/div>\n","protected":false},"excerpt":{"rendered":"<p>Oczywi\u015bcie musimy sobie zda\u0107 spraw\u0119, \u017ce problem zimowej aury dotyczy nie tylko ps\u00f3w kt\u00f3re przebywaj\u0105 na zewn\u0105trz w kojcach i budach, ale tak\u017ce tych, kt\u00f3re mieszkaj\u0105 w domach z nami. Przyjrzyjmy si\u0119 zatem najwa\u017cniejszym kwestiom zwi\u0105zanym z zabezpieczeniem naszych pupili w ch\u0142odne dni&nbsp; zaczynaj\u0105c od ps\u00f3w domowych. Po wielu latach pracy z psami i obserwacji&#8230;<\/p>\n","protected":false},"author":3,"featured_media":302,"comment_status":"closed","ping_status":"closed","sticky":false,"template":"","format":"standard","meta":{"two_page_speed":[],"footnotes":""},"categories":[10],"tags":[],"class_list":["post-301","post","type-post","status-publish","format-standard","has-post-thumbnail","hentry","category-artykuly"],"yoast_head":"<!-- This site is optimized with the Yoast SEO plugin v27.2 - https:\/\/yoast.com\/product\/yoast-seo-wordpress\/ -->\n<title>Pies zimow\u0105 por\u0105 - Charyzmat<\/title>\n<meta name=\"robots\" content=\"index, follow, max-snippet:-1, max-image-preview:large, max-video-preview:-1\" \/>\n<link rel=\"canonical\" href=\"https:\/\/wwwlolekkom.pl\/?p=301\" \/>\n<meta property=\"og:locale\" content=\"pl_PL\" \/>\n<meta property=\"og:type\" content=\"article\" \/>\n<meta property=\"og:title\" content=\"Pies zimow\u0105 por\u0105 - Charyzmat\" \/>\n<meta property=\"og:description\" content=\"Oczywi\u015bcie musimy sobie zda\u0107 spraw\u0119, \u017ce problem zimowej aury dotyczy nie tylko ps\u00f3w kt\u00f3re przebywaj\u0105 na zewn\u0105trz w kojcach i budach, ale tak\u017ce tych, kt\u00f3re mieszkaj\u0105 w domach z nami. Przyjrzyjmy si\u0119 zatem najwa\u017cniejszym kwestiom zwi\u0105zanym z zabezpieczeniem naszych pupili w ch\u0142odne dni&nbsp; zaczynaj\u0105c od ps\u00f3w domowych. Po wielu latach pracy z psami i obserwacji...\" \/>\n<meta property=\"og:url\" content=\"https:\/\/wwwlolekkom.pl\/?p=301\" \/>\n<meta property=\"og:site_name\" content=\"Charyzmat\" \/>\n<meta property=\"article:published_time\" content=\"2025-12-10T21:59:54+00:00\" \/>\n<meta property=\"article:modified_time\" content=\"2025-12-12T22:52:11+00:00\" \/>\n<meta property=\"og:image\" content=\"https:\/\/wwwlolekkom.pl\/wp-content\/uploads\/2025\/12\/pies-zimowa-pora.jpg\" \/>\n\t<meta property=\"og:image:width\" content=\"900\" \/>\n\t<meta property=\"og:image:height\" content=\"582\" \/>\n\t<meta property=\"og:image:type\" content=\"image\/jpeg\" \/>\n<meta name=\"author\" content=\"Jaros\u0142aw Pe\u0142ka\" \/>\n<meta name=\"twitter:card\" content=\"summary_large_image\" \/>\n<meta name=\"twitter:label1\" content=\"Napisane przez\" \/>\n\t<meta name=\"twitter:data1\" content=\"Jaros\u0142aw Pe\u0142ka\" \/>\n\t<meta name=\"twitter:label2\" content=\"Szacowany czas czytania\" \/>\n\t<meta name=\"twitter:data2\" content=\"9 minut\" \/>\n<script type=\"application\/ld+json\" class=\"yoast-schema-graph\">{\"@context\":\"https:\/\/schema.org\",\"@graph\":[{\"@type\":\"Article\",\"@id\":\"https:\/\/wwwlolekkom.pl\/?p=301#article\",\"isPartOf\":{\"@id\":\"https:\/\/wwwlolekkom.pl\/?p=301\"},\"author\":{\"name\":\"Jaros\u0142aw Pe\u0142ka\",\"@id\":\"https:\/\/wwwlolekkom.pl\/#\/schema\/person\/c2c23d93a4eaee3128eb6f6a9ddb7927\"},\"headline\":\"Pies zimow\u0105 por\u0105\",\"datePublished\":\"2025-12-10T21:59:54+00:00\",\"dateModified\":\"2025-12-12T22:52:11+00:00\",\"mainEntityOfPage\":{\"@id\":\"https:\/\/wwwlolekkom.pl\/?p=301\"},\"wordCount\":1697,\"publisher\":{\"@id\":\"https:\/\/wwwlolekkom.pl\/#organization\"},\"image\":{\"@id\":\"https:\/\/wwwlolekkom.pl\/?p=301#primaryimage\"},\"thumbnailUrl\":\"https:\/\/wwwlolekkom.pl\/wp-content\/uploads\/2025\/12\/pies-zimowa-pora.jpg\",\"articleSection\":[\"Artyku\u0142y\"],\"inLanguage\":\"pl-PL\"},{\"@type\":\"WebPage\",\"@id\":\"https:\/\/wwwlolekkom.pl\/?p=301\",\"url\":\"https:\/\/wwwlolekkom.pl\/?p=301\",\"name\":\"Pies zimow\u0105 por\u0105 - Charyzmat\",\"isPartOf\":{\"@id\":\"https:\/\/wwwlolekkom.pl\/#website\"},\"primaryImageOfPage\":{\"@id\":\"https:\/\/wwwlolekkom.pl\/?p=301#primaryimage\"},\"image\":{\"@id\":\"https:\/\/wwwlolekkom.pl\/?p=301#primaryimage\"},\"thumbnailUrl\":\"https:\/\/wwwlolekkom.pl\/wp-content\/uploads\/2025\/12\/pies-zimowa-pora.jpg\",\"datePublished\":\"2025-12-10T21:59:54+00:00\",\"dateModified\":\"2025-12-12T22:52:11+00:00\",\"breadcrumb\":{\"@id\":\"https:\/\/wwwlolekkom.pl\/?p=301#breadcrumb\"},\"inLanguage\":\"pl-PL\",\"potentialAction\":[{\"@type\":\"ReadAction\",\"target\":[\"https:\/\/wwwlolekkom.pl\/?p=301\"]}]},{\"@type\":\"ImageObject\",\"inLanguage\":\"pl-PL\",\"@id\":\"https:\/\/wwwlolekkom.pl\/?p=301#primaryimage\",\"url\":\"https:\/\/wwwlolekkom.pl\/wp-content\/uploads\/2025\/12\/pies-zimowa-pora.jpg\",\"contentUrl\":\"https:\/\/wwwlolekkom.pl\/wp-content\/uploads\/2025\/12\/pies-zimowa-pora.jpg\",\"width\":900,\"height\":582},{\"@type\":\"BreadcrumbList\",\"@id\":\"https:\/\/wwwlolekkom.pl\/?p=301#breadcrumb\",\"itemListElement\":[{\"@type\":\"ListItem\",\"position\":1,\"name\":\"Strona g\u0142\u00f3wna\",\"item\":\"https:\/\/wwwlolekkom.pl\/\"},{\"@type\":\"ListItem\",\"position\":2,\"name\":\"Pies zimow\u0105 por\u0105\"}]},{\"@type\":\"WebSite\",\"@id\":\"https:\/\/wwwlolekkom.pl\/#website\",\"url\":\"https:\/\/wwwlolekkom.pl\/\",\"name\":\"Charyzmat\",\"description\":\"szkolenie ps\u00f3w my\u015bliwskich\",\"publisher\":{\"@id\":\"https:\/\/wwwlolekkom.pl\/#organization\"},\"potentialAction\":[{\"@type\":\"SearchAction\",\"target\":{\"@type\":\"EntryPoint\",\"urlTemplate\":\"https:\/\/wwwlolekkom.pl\/?s={search_term_string}\"},\"query-input\":{\"@type\":\"PropertyValueSpecification\",\"valueRequired\":true,\"valueName\":\"search_term_string\"}}],\"inLanguage\":\"pl-PL\"},{\"@type\":\"Organization\",\"@id\":\"https:\/\/wwwlolekkom.pl\/#organization\",\"name\":\"Charyzmat\",\"url\":\"https:\/\/wwwlolekkom.pl\/\",\"logo\":{\"@type\":\"ImageObject\",\"inLanguage\":\"pl-PL\",\"@id\":\"https:\/\/wwwlolekkom.pl\/#\/schema\/logo\/image\/\",\"url\":\"https:\/\/wwwlolekkom.pl\/wp-content\/uploads\/2025\/12\/Charyzmat.jpg\",\"contentUrl\":\"https:\/\/wwwlolekkom.pl\/wp-content\/uploads\/2025\/12\/Charyzmat.jpg\",\"width\":1000,\"height\":1000,\"caption\":\"Charyzmat\"},\"image\":{\"@id\":\"https:\/\/wwwlolekkom.pl\/#\/schema\/logo\/image\/\"}},{\"@type\":\"Person\",\"@id\":\"https:\/\/wwwlolekkom.pl\/#\/schema\/person\/c2c23d93a4eaee3128eb6f6a9ddb7927\",\"name\":\"Jaros\u0142aw Pe\u0142ka\",\"image\":{\"@type\":\"ImageObject\",\"inLanguage\":\"pl-PL\",\"@id\":\"https:\/\/secure.gravatar.com\/avatar\/e8f40adebedc0a528ec19300c51dbcf02e7832a66b984797223a5c6a3ac1b9c6?s=96&d=mm&r=g\",\"url\":\"https:\/\/secure.gravatar.com\/avatar\/e8f40adebedc0a528ec19300c51dbcf02e7832a66b984797223a5c6a3ac1b9c6?s=96&d=mm&r=g\",\"contentUrl\":\"https:\/\/secure.gravatar.com\/avatar\/e8f40adebedc0a528ec19300c51dbcf02e7832a66b984797223a5c6a3ac1b9c6?s=96&d=mm&r=g\",\"caption\":\"Jaros\u0142aw Pe\u0142ka\"},\"description\":\"autor\",\"url\":\"https:\/\/wwwlolekkom.pl\/?author=3\"}]}<\/script>\n<!-- \/ Yoast SEO plugin. -->","yoast_head_json":{"title":"Pies zimow\u0105 por\u0105 - Charyzmat","robots":{"index":"index","follow":"follow","max-snippet":"max-snippet:-1","max-image-preview":"max-image-preview:large","max-video-preview":"max-video-preview:-1"},"canonical":"https:\/\/wwwlolekkom.pl\/?p=301","og_locale":"pl_PL","og_type":"article","og_title":"Pies zimow\u0105 por\u0105 - Charyzmat","og_description":"Oczywi\u015bcie musimy sobie zda\u0107 spraw\u0119, \u017ce problem zimowej aury dotyczy nie tylko ps\u00f3w kt\u00f3re przebywaj\u0105 na zewn\u0105trz w kojcach i budach, ale tak\u017ce tych, kt\u00f3re mieszkaj\u0105 w domach z nami. Przyjrzyjmy si\u0119 zatem najwa\u017cniejszym kwestiom zwi\u0105zanym z zabezpieczeniem naszych pupili w ch\u0142odne dni&nbsp; zaczynaj\u0105c od ps\u00f3w domowych. Po wielu latach pracy z psami i obserwacji...","og_url":"https:\/\/wwwlolekkom.pl\/?p=301","og_site_name":"Charyzmat","article_published_time":"2025-12-10T21:59:54+00:00","article_modified_time":"2025-12-12T22:52:11+00:00","og_image":[{"width":900,"height":582,"url":"https:\/\/wwwlolekkom.pl\/wp-content\/uploads\/2025\/12\/pies-zimowa-pora.jpg","type":"image\/jpeg"}],"author":"Jaros\u0142aw Pe\u0142ka","twitter_card":"summary_large_image","twitter_misc":{"Napisane przez":"Jaros\u0142aw Pe\u0142ka","Szacowany czas czytania":"9 minut"},"schema":{"@context":"https:\/\/schema.org","@graph":[{"@type":"Article","@id":"https:\/\/wwwlolekkom.pl\/?p=301#article","isPartOf":{"@id":"https:\/\/wwwlolekkom.pl\/?p=301"},"author":{"name":"Jaros\u0142aw Pe\u0142ka","@id":"https:\/\/wwwlolekkom.pl\/#\/schema\/person\/c2c23d93a4eaee3128eb6f6a9ddb7927"},"headline":"Pies zimow\u0105 por\u0105","datePublished":"2025-12-10T21:59:54+00:00","dateModified":"2025-12-12T22:52:11+00:00","mainEntityOfPage":{"@id":"https:\/\/wwwlolekkom.pl\/?p=301"},"wordCount":1697,"publisher":{"@id":"https:\/\/wwwlolekkom.pl\/#organization"},"image":{"@id":"https:\/\/wwwlolekkom.pl\/?p=301#primaryimage"},"thumbnailUrl":"https:\/\/wwwlolekkom.pl\/wp-content\/uploads\/2025\/12\/pies-zimowa-pora.jpg","articleSection":["Artyku\u0142y"],"inLanguage":"pl-PL"},{"@type":"WebPage","@id":"https:\/\/wwwlolekkom.pl\/?p=301","url":"https:\/\/wwwlolekkom.pl\/?p=301","name":"Pies zimow\u0105 por\u0105 - Charyzmat","isPartOf":{"@id":"https:\/\/wwwlolekkom.pl\/#website"},"primaryImageOfPage":{"@id":"https:\/\/wwwlolekkom.pl\/?p=301#primaryimage"},"image":{"@id":"https:\/\/wwwlolekkom.pl\/?p=301#primaryimage"},"thumbnailUrl":"https:\/\/wwwlolekkom.pl\/wp-content\/uploads\/2025\/12\/pies-zimowa-pora.jpg","datePublished":"2025-12-10T21:59:54+00:00","dateModified":"2025-12-12T22:52:11+00:00","breadcrumb":{"@id":"https:\/\/wwwlolekkom.pl\/?p=301#breadcrumb"},"inLanguage":"pl-PL","potentialAction":[{"@type":"ReadAction","target":["https:\/\/wwwlolekkom.pl\/?p=301"]}]},{"@type":"ImageObject","inLanguage":"pl-PL","@id":"https:\/\/wwwlolekkom.pl\/?p=301#primaryimage","url":"https:\/\/wwwlolekkom.pl\/wp-content\/uploads\/2025\/12\/pies-zimowa-pora.jpg","contentUrl":"https:\/\/wwwlolekkom.pl\/wp-content\/uploads\/2025\/12\/pies-zimowa-pora.jpg","width":900,"height":582},{"@type":"BreadcrumbList","@id":"https:\/\/wwwlolekkom.pl\/?p=301#breadcrumb","itemListElement":[{"@type":"ListItem","position":1,"name":"Strona g\u0142\u00f3wna","item":"https:\/\/wwwlolekkom.pl\/"},{"@type":"ListItem","position":2,"name":"Pies zimow\u0105 por\u0105"}]},{"@type":"WebSite","@id":"https:\/\/wwwlolekkom.pl\/#website","url":"https:\/\/wwwlolekkom.pl\/","name":"Charyzmat","description":"szkolenie ps\u00f3w my\u015bliwskich","publisher":{"@id":"https:\/\/wwwlolekkom.pl\/#organization"},"potentialAction":[{"@type":"SearchAction","target":{"@type":"EntryPoint","urlTemplate":"https:\/\/wwwlolekkom.pl\/?s={search_term_string}"},"query-input":{"@type":"PropertyValueSpecification","valueRequired":true,"valueName":"search_term_string"}}],"inLanguage":"pl-PL"},{"@type":"Organization","@id":"https:\/\/wwwlolekkom.pl\/#organization","name":"Charyzmat","url":"https:\/\/wwwlolekkom.pl\/","logo":{"@type":"ImageObject","inLanguage":"pl-PL","@id":"https:\/\/wwwlolekkom.pl\/#\/schema\/logo\/image\/","url":"https:\/\/wwwlolekkom.pl\/wp-content\/uploads\/2025\/12\/Charyzmat.jpg","contentUrl":"https:\/\/wwwlolekkom.pl\/wp-content\/uploads\/2025\/12\/Charyzmat.jpg","width":1000,"height":1000,"caption":"Charyzmat"},"image":{"@id":"https:\/\/wwwlolekkom.pl\/#\/schema\/logo\/image\/"}},{"@type":"Person","@id":"https:\/\/wwwlolekkom.pl\/#\/schema\/person\/c2c23d93a4eaee3128eb6f6a9ddb7927","name":"Jaros\u0142aw Pe\u0142ka","image":{"@type":"ImageObject","inLanguage":"pl-PL","@id":"https:\/\/secure.gravatar.com\/avatar\/e8f40adebedc0a528ec19300c51dbcf02e7832a66b984797223a5c6a3ac1b9c6?s=96&d=mm&r=g","url":"https:\/\/secure.gravatar.com\/avatar\/e8f40adebedc0a528ec19300c51dbcf02e7832a66b984797223a5c6a3ac1b9c6?s=96&d=mm&r=g","contentUrl":"https:\/\/secure.gravatar.com\/avatar\/e8f40adebedc0a528ec19300c51dbcf02e7832a66b984797223a5c6a3ac1b9c6?s=96&d=mm&r=g","caption":"Jaros\u0142aw Pe\u0142ka"},"description":"autor","url":"https:\/\/wwwlolekkom.pl\/?author=3"}]}},"_links":{"self":[{"href":"https:\/\/wwwlolekkom.pl\/index.php?rest_route=\/wp\/v2\/posts\/301","targetHints":{"allow":["GET"]}}],"collection":[{"href":"https:\/\/wwwlolekkom.pl\/index.php?rest_route=\/wp\/v2\/posts"}],"about":[{"href":"https:\/\/wwwlolekkom.pl\/index.php?rest_route=\/wp\/v2\/types\/post"}],"author":[{"embeddable":true,"href":"https:\/\/wwwlolekkom.pl\/index.php?rest_route=\/wp\/v2\/users\/3"}],"replies":[{"embeddable":true,"href":"https:\/\/wwwlolekkom.pl\/index.php?rest_route=%2Fwp%2Fv2%2Fcomments&post=301"}],"version-history":[{"count":1,"href":"https:\/\/wwwlolekkom.pl\/index.php?rest_route=\/wp\/v2\/posts\/301\/revisions"}],"predecessor-version":[{"id":304,"href":"https:\/\/wwwlolekkom.pl\/index.php?rest_route=\/wp\/v2\/posts\/301\/revisions\/304"}],"wp:featuredmedia":[{"embeddable":true,"href":"https:\/\/wwwlolekkom.pl\/index.php?rest_route=\/wp\/v2\/media\/302"}],"wp:attachment":[{"href":"https:\/\/wwwlolekkom.pl\/index.php?rest_route=%2Fwp%2Fv2%2Fmedia&parent=301"}],"wp:term":[{"taxonomy":"category","embeddable":true,"href":"https:\/\/wwwlolekkom.pl\/index.php?rest_route=%2Fwp%2Fv2%2Fcategories&post=301"},{"taxonomy":"post_tag","embeddable":true,"href":"https:\/\/wwwlolekkom.pl\/index.php?rest_route=%2Fwp%2Fv2%2Ftags&post=301"}],"curies":[{"name":"wp","href":"https:\/\/api.w.org\/{rel}","templated":true}]}}